{"id":137358,"date":"2021-03-22T12:20:54","date_gmt":"2021-03-22T11:20:54","guid":{"rendered":"https:\/\/novice.si\/page\/?p=137358"},"modified":"2021-03-23T11:26:04","modified_gmt":"2021-03-23T10:26:04","slug":"kamnolom-brinjeva-gora-zreska-sd-nasprotuje-ponovnemu-odprtju","status":"publish","type":"post","link":"https:\/\/novice.si\/page\/kamnolom-brinjeva-gora-zreska-sd-nasprotuje-ponovnemu-odprtju\/","title":{"rendered":"Brinjeva gora: novica o odprtju kamnoloma naletela na nasprotovanje"},"content":{"rendered":"<p><strong>V kamnolomu na Brinjevi gori v ob\u010dini Oplotnica bodo lahko znova izkori\u0161\u010dali dolomit, novica o ponovnem odprtju kamnoloma pa je \u017ee naletela na nasprotovanje. Pridobivamo odzive pristojnih.<\/strong><\/p>\n<p><img loading=\"lazy\" decoding=\"async\" class=\"aligncenter wp-image-137202 size-large\" src=\"https:\/\/novice.si\/page\/wp-content\/uploads\/2021\/03\/kamnolom-brinjeva-gora-1024x461.jpg\" alt=\"\" width=\"696\" height=\"313\" srcset=\"https:\/\/novice.si\/page\/wp-content\/uploads\/2021\/03\/kamnolom-brinjeva-gora-1024x461.jpg 1024w, https:\/\/novice.si\/page\/wp-content\/uploads\/2021\/03\/kamnolom-brinjeva-gora-300x135.jpg 300w, https:\/\/novice.si\/page\/wp-content\/uploads\/2021\/03\/kamnolom-brinjeva-gora-768x346.jpg 768w, https:\/\/novice.si\/page\/wp-content\/uploads\/2021\/03\/kamnolom-brinjeva-gora-1536x691.jpg 1536w, https:\/\/novice.si\/page\/wp-content\/uploads\/2021\/03\/kamnolom-brinjeva-gora-2048x922.jpg 2048w, https:\/\/novice.si\/page\/wp-content\/uploads\/2021\/03\/kamnolom-brinjeva-gora-696x313.jpg 696w, https:\/\/novice.si\/page\/wp-content\/uploads\/2021\/03\/kamnolom-brinjeva-gora-1068x481.jpg 1068w, https:\/\/novice.si\/page\/wp-content\/uploads\/2021\/03\/kamnolom-brinjeva-gora-933x420.jpg 933w, https:\/\/novice.si\/page\/wp-content\/uploads\/2021\/03\/kamnolom-brinjeva-gora-24x11.jpg 24w, https:\/\/novice.si\/page\/wp-content\/uploads\/2021\/03\/kamnolom-brinjeva-gora-36x16.jpg 36w, https:\/\/novice.si\/page\/wp-content\/uploads\/2021\/03\/kamnolom-brinjeva-gora-48x22.jpg 48w\" sizes=\"auto, (max-width: 696px) 100vw, 696px\" \/><\/p>\n<p>Poro\u010dali smo, da bodo kamnolom Brinjeva gora v ob\u010dini Oplotnica lahko znova izkori\u0161\u010dali, <a href=\"https:\/\/novice.si\/page\/na-brinjevi-gori-bodo-spet-pridobivali-dolomit\/\">saj je vlada pred dnevi podelila rudarsko pravico za izkori\u0161\u010danje dolomita v tem kamnolomu, in sicer podjetju Ecobeton iz Latkove vasi za obdobje 18 let.<\/a><br \/>\nPonovnemu odprtju kamnoloma nasprotuje tudi svetni\u0161ka skupina SD Zre\u010de, ki je na Ob\u010dino Zre\u010de naslovila apel, da se ta projekt nemudoma zaustavi.<\/p>\n<p><strong>SD Zre\u010de: ustanavlja se civilna iniciativa<\/strong><\/p>\n<p>Lokalni prebivalci so tudi za\u010deli z ustanavljanjem civilne iniciative, svetniki ob\u010dinske SD navajajo v sporo\u010dilu za javnost. <em>&#8220;Kritike so zelo te\u017eke in ostre, ampak razumljive. In zagotovo jih ne smemo prezreti. Na tej osnovi so svetnice in svetniki SD Zre\u010de na \u017eupana Ob\u010dine Zre\u010de mag. Borisa Podvr\u0161nika naslovili ve\u010d vpra\u0161anj o zadevi in kako bo ob\u010dina ukrepala ter ob tem izrazila apel, da se ta projekt nemudoma zaustavi,&#8221; <\/em>so navedli v sporo\u010dilu za javnost.<em><br \/>\n<\/em>Ob tem so v SD Zre\u010de zapisali, da v celoti nasprotujejo transportni poti, ki bi potekala skozi naselje Gra\u010di\u010d in naprej skozi Zre\u010de do povezave na avtocesto. Menijo, da so pri izvedbah projektov vedno najprej klju\u010dni pogovori s prebivalci, prav tako pa izpostavljajo, da je cesta skozi Gra\u010di\u010d v slabem stanju.<br \/>\n<em>&#8220;Samo z vnaprej opravljenim razgovorom z lokalnimi prebivalci se lahko pri\u010dnejo tak\u0161ni projekti, ki bi se zagotovo la\u017eje izpeljali, \u010de tak\u0161nih dilem ne bi bilo, hkrati pa bi bilo mnogo manj nezadovoljstva in slabe volje med krajani,&#8221; <\/em>je dejal predsednik SD Zre\u010de in zre\u0161ki ob\u010dinski svetnik <strong>Milan Poto\u010dnik.<\/strong> Med drugim je \u0161e navedel, da je cesta Gra\u010di\u010d \u017ee vrsto let v zelo slabem stanju in da njene celovite prenove niso uvrstili med leto\u0161nje nalo\u017ebe, \u010deprav so o\u010ditno vedeli, da se pripravlja ponovno odprtje kamnoloma.<\/p>\n<p><strong>Ob\u010dina Zre\u010de: gre za ob\u010dutljivo obmo\u010dje Brinjeve gore<\/strong><\/p>\n<p>\u017dupan Zre\u010d <strong>Boris Podvr\u0161nik<\/strong> je v odgovoru med drugim sporo\u010dil, da so \u017ee pred desetletjem na\u010drtovali rekonstrukcijo odseka ceste Gra\u010di\u010d-Zlakova, a nalo\u017eba ni bila uvr\u0161\u010dena v prora\u010dun. Ko jih je podjetje Ecobeton ustno obvestilo, da pridobivajo dovoljenja za sanacijo in reaktiviranje kamnoloma, so na njihovo \u017eeljo organizirali sestanek s predstavniki oplotni\u0161ke ob\u010dine in se dogovorili o mo\u017enosti sofinanciranja projektne dokumentacije, Ecobeton pa je ponudil mo\u017enost sofinanciranja rekonstrukcije ceste.<br \/>\nSkozi naselje Gra\u010di\u010d potekata dve kategorizirani lokalni ob\u010dinski, na katerih je dovoljen tudi promet s tovornimi vozili, zato ni potrebnih posebnih dovoljenj, razen za izredne prevoze. O o\u017eivljanju kamnoloma in transportni poti so nameravali poro\u010dati na prvi redni seji sveta Krajevne skupnosti Zre\u010de, dodaja \u017eupan. Poudarja tudi, da kamnolom v celoti le\u017ei v sosednji ob\u010dini Oplotnica, zato o nameri sanacije in sprejemanju prostorskih podlag vse do nedavnega niso bili seznanjeni.<br \/>\n<em>&#8220;O\u010ditno je, da pridobljena rudarska pravica temelji na starej\u0161ih prostorskih aktih ob\u010dine Oplotnica. Kar se pa ti\u010de \u0161iritve, smo bili nanjo opozorjeni s strani na\u0161ih ob\u010dank in ob\u010danov: tako kot na\u0161i ob\u010dani menimo, da gre za ob\u010dutljivo obmo\u010dje kulturne dedi\u0161\u010dine Brinjeve gore, ki mu vseskozi posve\u010damo posebno skrb pri varovanju, ohranjanju in popularizaciji.<br \/>\n<\/em><em>Pridobivalno obmo\u010dje bi se gotovo preve\u010d pribli\u017ealo na\u0161i cerkvi sv. Ne\u017ee, ki praznuje \u010dez dve leti 300-letnico. Drugo pri tem je vpra\u0161anje emisij in prahu. Ta stali\u0161\u010da in pripombe smo sporo\u010dili tudi Ob\u010dini Oplotnica, zato pri\u010dakujemo, da se o tej temi v prihodnje argumentirano dogovarjamo skupaj z na\u0161imi predstavniki kraja<\/em>,&#8221; je \u0161e sporo\u010dil \u017eupan Zre\u010d.<\/p>\n<p><strong>Pomembna kulturna dedi\u0161\u010dina<\/strong><\/p>\n<p><img loading=\"lazy\" decoding=\"async\" class=\" wp-image-120518 alignleft\" src=\"https:\/\/novice.si\/page\/wp-content\/uploads\/2020\/01\/brinjeva-gora-300x200.jpg\" alt=\"\" width=\"222\" height=\"148\" srcset=\"https:\/\/novice.si\/page\/wp-content\/uploads\/2020\/01\/brinjeva-gora-300x200.jpg 300w, https:\/\/novice.si\/page\/wp-content\/uploads\/2020\/01\/brinjeva-gora-1024x682.jpg 1024w, https:\/\/novice.si\/page\/wp-content\/uploads\/2020\/01\/brinjeva-gora-768x512.jpg 768w, https:\/\/novice.si\/page\/wp-content\/uploads\/2020\/01\/brinjeva-gora-696x464.jpg 696w, https:\/\/novice.si\/page\/wp-content\/uploads\/2020\/01\/brinjeva-gora-1068x712.jpg 1068w, https:\/\/novice.si\/page\/wp-content\/uploads\/2020\/01\/brinjeva-gora-630x420.jpg 630w, https:\/\/novice.si\/page\/wp-content\/uploads\/2020\/01\/brinjeva-gora-24x16.jpg 24w, https:\/\/novice.si\/page\/wp-content\/uploads\/2020\/01\/brinjeva-gora-36x24.jpg 36w, https:\/\/novice.si\/page\/wp-content\/uploads\/2020\/01\/brinjeva-gora-48x32.jpg 48w, https:\/\/novice.si\/page\/wp-content\/uploads\/2020\/01\/brinjeva-gora.jpg 1280w\" sizes=\"auto, (max-width: 222px) 100vw, 222px\" \/><\/p>\n<p>Na Brinjevi gori, ki sega tako v ob\u010dino Oplotnica kot ob\u010dino Zre\u010de, je pomembno arheolo\u0161ko najdi\u0161\u010de. Najdbe ka\u017eejo na razgibano \u017eivljenje \u017ee v davni preteklosti, od 3 do 5 tiso\u010d let pred na\u0161im \u0161tetjem. Tam stojita tudi dve cerkvi, cerkev Matere Bo\u017eje so pred \u010dasom tudi obnovili. (N. K.)<\/p>\n<p>&nbsp;<\/p>\n<p>&nbsp;<\/p>\n","protected":false},"excerpt":{"rendered":"<p>V kamnolomu na Brinjevi gori v ob\u010dini Oplotnica bodo lahko znova izkori\u0161\u010dali dolomit, novica o ponovnem odprtju kamnoloma pa je \u017ee naletela na nasprotovanje. Pridobivamo odzive pristojnih. Poro\u010dali smo, da bodo kamnolom Brinjeva gora v ob\u010dini Oplotnica lahko znova izkori\u0161\u010dali, saj je vlada pred dnevi podelila rudarsko pravico za izkori\u0161\u010danje dolomita v tem kamnolomu, in [&hellip;]<\/p>\n","protected":false},"author":12,"featured_media":137202,"comment_status":"closed","ping_status":"closed","sticky":false,"template":"","format":"standard","meta":{"footnotes":""},"categories":[14,868,16,141,3108],"tags":[2621,11908,428,661,1040],"class_list":{"0":"post-137358","1":"post","2":"type-post","3":"status-publish","4":"format-standard","5":"has-post-thumbnail","7":"category-aktualno","8":"category-casopisi","9":"category-konjisko","10":"category-novice","11":"category-radio-rogla","12":"tag-brinjeva-gora","13":"tag-kamnolom","14":"tag-obcina-oplotnica","15":"tag-obcina-zrece","16":"tag-sd"},"yoast_head":"<!-- This site is optimized with the Yoast SEO plugin v27.4 - https:\/\/yoast.com\/product\/yoast-seo-wordpress\/ -->\n<title>Brinjeva gora: novica o odprtju kamnoloma naletela na nasprotovanje - Novice.si<\/title>\n<meta name=\"robots\" content=\"index, follow, max-snippet:-1, max-image-preview:large, max-video-preview:-1\" \/>\n<link rel=\"canonical\" href=\"https:\/\/novice.si\/page\/kamnolom-brinjeva-gora-zreska-sd-nasprotuje-ponovnemu-odprtju\/\" \/>\n<meta property=\"og:locale\" content=\"sl_SI\" \/>\n<meta property=\"og:type\" content=\"article\" \/>\n<meta property=\"og:title\" content=\"Brinjeva gora: novica o odprtju kamnoloma naletela na nasprotovanje - Novice.si\" \/>\n<meta property=\"og:description\" content=\"V kamnolomu na Brinjevi gori v ob\u010dini Oplotnica bodo lahko znova izkori\u0161\u010dali dolomit, novica o ponovnem odprtju kamnoloma pa je \u017ee naletela na nasprotovanje. Pridobivamo odzive pristojnih. Poro\u010dali smo, da bodo kamnolom Brinjeva gora v ob\u010dini Oplotnica lahko znova izkori\u0161\u010dali, saj je vlada pred dnevi podelila rudarsko pravico za izkori\u0161\u010danje dolomita v tem kamnolomu, in [&hellip;]\" \/>\n<meta property=\"og:url\" content=\"https:\/\/novice.si\/page\/kamnolom-brinjeva-gora-zreska-sd-nasprotuje-ponovnemu-odprtju\/\" \/>\n<meta property=\"og:site_name\" content=\"Novice.si\" \/>\n<meta property=\"article:published_time\" content=\"2021-03-22T11:20:54+00:00\" \/>\n<meta property=\"article:modified_time\" content=\"2021-03-23T10:26:04+00:00\" \/>\n<meta property=\"og:image\" content=\"https:\/\/novice.si\/page\/wp-content\/uploads\/2021\/03\/kamnolom-brinjeva-gora-scaled.jpg\" \/>\n\t<meta property=\"og:image:width\" content=\"2560\" \/>\n\t<meta property=\"og:image:height\" content=\"1152\" \/>\n\t<meta property=\"og:image:type\" content=\"image\/jpeg\" \/>\n<meta name=\"author\" content=\"Uredni\u0161tvo Celjana\" \/>\n<meta name=\"twitter:card\" content=\"summary_large_image\" \/>\n<meta name=\"twitter:label1\" content=\"Written by\" \/>\n\t<meta name=\"twitter:data1\" content=\"Uredni\u0161tvo Celjana\" \/>\n\t<meta name=\"twitter:label2\" content=\"Est. reading time\" \/>\n\t<meta name=\"twitter:data2\" content=\"4 minute\" \/>\n<script type=\"application\/ld+json\" class=\"yoast-schema-graph\">{\"@context\":\"https:\\\/\\\/schema.org\",\"@graph\":[{\"@type\":\"Article\",\"@id\":\"https:\\\/\\\/novice.si\\\/page\\\/kamnolom-brinjeva-gora-zreska-sd-nasprotuje-ponovnemu-odprtju\\\/#article\",\"isPartOf\":{\"@id\":\"https:\\\/\\\/novice.si\\\/page\\\/kamnolom-brinjeva-gora-zreska-sd-nasprotuje-ponovnemu-odprtju\\\/\"},\"author\":{\"name\":\"Uredni\u0161tvo Celjana\",\"@id\":\"https:\\\/\\\/novice.si\\\/page\\\/#\\\/schema\\\/person\\\/51903923b50fefb075bc1cd24fe4d065\"},\"headline\":\"Brinjeva gora: novica o odprtju kamnoloma naletela na nasprotovanje\",\"datePublished\":\"2021-03-22T11:20:54+00:00\",\"dateModified\":\"2021-03-23T10:26:04+00:00\",\"mainEntityOfPage\":{\"@id\":\"https:\\\/\\\/novice.si\\\/page\\\/kamnolom-brinjeva-gora-zreska-sd-nasprotuje-ponovnemu-odprtju\\\/\"},\"wordCount\":711,\"publisher\":{\"@id\":\"https:\\\/\\\/novice.si\\\/page\\\/#organization\"},\"image\":{\"@id\":\"https:\\\/\\\/novice.si\\\/page\\\/kamnolom-brinjeva-gora-zreska-sd-nasprotuje-ponovnemu-odprtju\\\/#primaryimage\"},\"thumbnailUrl\":\"https:\\\/\\\/novice.si\\\/page\\\/wp-content\\\/uploads\\\/2021\\\/03\\\/kamnolom-brinjeva-gora-scaled.jpg\",\"keywords\":[\"Brinjeva gora\",\"kamnolom\",\"Ob\u010dina Oplotnica\",\"Ob\u010dina Zre\u010de\",\"SD\"],\"articleSection\":[\"Aktualno\",\"\u010casopisi\",\"Konji\u0161ko\",\"Novice\",\"Radio Rogla\"],\"inLanguage\":\"sl-SI\"},{\"@type\":\"WebPage\",\"@id\":\"https:\\\/\\\/novice.si\\\/page\\\/kamnolom-brinjeva-gora-zreska-sd-nasprotuje-ponovnemu-odprtju\\\/\",\"url\":\"https:\\\/\\\/novice.si\\\/page\\\/kamnolom-brinjeva-gora-zreska-sd-nasprotuje-ponovnemu-odprtju\\\/\",\"name\":\"Brinjeva gora: novica o odprtju kamnoloma naletela na nasprotovanje - Novice.si\",\"isPartOf\":{\"@id\":\"https:\\\/\\\/novice.si\\\/page\\\/#website\"},\"primaryImageOfPage\":{\"@id\":\"https:\\\/\\\/novice.si\\\/page\\\/kamnolom-brinjeva-gora-zreska-sd-nasprotuje-ponovnemu-odprtju\\\/#primaryimage\"},\"image\":{\"@id\":\"https:\\\/\\\/novice.si\\\/page\\\/kamnolom-brinjeva-gora-zreska-sd-nasprotuje-ponovnemu-odprtju\\\/#primaryimage\"},\"thumbnailUrl\":\"https:\\\/\\\/novice.si\\\/page\\\/wp-content\\\/uploads\\\/2021\\\/03\\\/kamnolom-brinjeva-gora-scaled.jpg\",\"datePublished\":\"2021-03-22T11:20:54+00:00\",\"dateModified\":\"2021-03-23T10:26:04+00:00\",\"breadcrumb\":{\"@id\":\"https:\\\/\\\/novice.si\\\/page\\\/kamnolom-brinjeva-gora-zreska-sd-nasprotuje-ponovnemu-odprtju\\\/#breadcrumb\"},\"inLanguage\":\"sl-SI\",\"potentialAction\":[{\"@type\":\"ReadAction\",\"target\":[\"https:\\\/\\\/novice.si\\\/page\\\/kamnolom-brinjeva-gora-zreska-sd-nasprotuje-ponovnemu-odprtju\\\/\"]}]},{\"@type\":\"ImageObject\",\"inLanguage\":\"sl-SI\",\"@id\":\"https:\\\/\\\/novice.si\\\/page\\\/kamnolom-brinjeva-gora-zreska-sd-nasprotuje-ponovnemu-odprtju\\\/#primaryimage\",\"url\":\"https:\\\/\\\/novice.si\\\/page\\\/wp-content\\\/uploads\\\/2021\\\/03\\\/kamnolom-brinjeva-gora-scaled.jpg\",\"contentUrl\":\"https:\\\/\\\/novice.si\\\/page\\\/wp-content\\\/uploads\\\/2021\\\/03\\\/kamnolom-brinjeva-gora-scaled.jpg\",\"width\":2560,\"height\":1152},{\"@type\":\"BreadcrumbList\",\"@id\":\"https:\\\/\\\/novice.si\\\/page\\\/kamnolom-brinjeva-gora-zreska-sd-nasprotuje-ponovnemu-odprtju\\\/#breadcrumb\",\"itemListElement\":[{\"@type\":\"ListItem\",\"position\":1,\"name\":\"Home\",\"item\":\"https:\\\/\\\/novice.si\\\/page\\\/\"},{\"@type\":\"ListItem\",\"position\":2,\"name\":\"Brinjeva gora: novica o odprtju kamnoloma naletela na nasprotovanje\"}]},{\"@type\":\"WebSite\",\"@id\":\"https:\\\/\\\/novice.si\\\/page\\\/#website\",\"url\":\"https:\\\/\\\/novice.si\\\/page\\\/\",\"name\":\"Novice.si\",\"description\":\"\",\"publisher\":{\"@id\":\"https:\\\/\\\/novice.si\\\/page\\\/#organization\"},\"potentialAction\":[{\"@type\":\"SearchAction\",\"target\":{\"@type\":\"EntryPoint\",\"urlTemplate\":\"https:\\\/\\\/novice.si\\\/page\\\/?s={search_term_string}\"},\"query-input\":{\"@type\":\"PropertyValueSpecification\",\"valueRequired\":true,\"valueName\":\"search_term_string\"}}],\"inLanguage\":\"sl-SI\"},{\"@type\":\"Organization\",\"@id\":\"https:\\\/\\\/novice.si\\\/page\\\/#organization\",\"name\":\"Novice.si\",\"url\":\"https:\\\/\\\/novice.si\\\/page\\\/\",\"logo\":{\"@type\":\"ImageObject\",\"inLanguage\":\"sl-SI\",\"@id\":\"https:\\\/\\\/novice.si\\\/page\\\/#\\\/schema\\\/logo\\\/image\\\/\",\"url\":\"https:\\\/\\\/novice.si\\\/page\\\/wp-content\\\/uploads\\\/2023\\\/03\\\/novice_si.png\",\"contentUrl\":\"https:\\\/\\\/novice.si\\\/page\\\/wp-content\\\/uploads\\\/2023\\\/03\\\/novice_si.png\",\"width\":576,\"height\":200,\"caption\":\"Novice.si\"},\"image\":{\"@id\":\"https:\\\/\\\/novice.si\\\/page\\\/#\\\/schema\\\/logo\\\/image\\\/\"}},{\"@type\":\"Person\",\"@id\":\"https:\\\/\\\/novice.si\\\/page\\\/#\\\/schema\\\/person\\\/51903923b50fefb075bc1cd24fe4d065\",\"name\":\"Uredni\u0161tvo Celjana\",\"image\":{\"@type\":\"ImageObject\",\"inLanguage\":\"sl-SI\",\"@id\":\"https:\\\/\\\/secure.gravatar.com\\\/avatar\\\/b516f102aa90b53619e09722b8ea56721c99bfcb4f1035f9b333d99f52330226?s=96&d=mm&r=g\",\"url\":\"https:\\\/\\\/secure.gravatar.com\\\/avatar\\\/b516f102aa90b53619e09722b8ea56721c99bfcb4f1035f9b333d99f52330226?s=96&d=mm&r=g\",\"contentUrl\":\"https:\\\/\\\/secure.gravatar.com\\\/avatar\\\/b516f102aa90b53619e09722b8ea56721c99bfcb4f1035f9b333d99f52330226?s=96&d=mm&r=g\",\"caption\":\"Uredni\u0161tvo Celjana\"},\"url\":\"https:\\\/\\\/novice.si\\\/page\\\/author\\\/nejc\\\/\"}]}<\/script>\n<!-- \/ Yoast SEO plugin. -->","yoast_head_json":{"title":"Brinjeva gora: novica o odprtju kamnoloma naletela na nasprotovanje - Novice.si","robots":{"index":"index","follow":"follow","max-snippet":"max-snippet:-1","max-image-preview":"max-image-preview:large","max-video-preview":"max-video-preview:-1"},"canonical":"https:\/\/novice.si\/page\/kamnolom-brinjeva-gora-zreska-sd-nasprotuje-ponovnemu-odprtju\/","og_locale":"sl_SI","og_type":"article","og_title":"Brinjeva gora: novica o odprtju kamnoloma naletela na nasprotovanje - Novice.si","og_description":"V kamnolomu na Brinjevi gori v ob\u010dini Oplotnica bodo lahko znova izkori\u0161\u010dali dolomit, novica o ponovnem odprtju kamnoloma pa je \u017ee naletela na nasprotovanje. Pridobivamo odzive pristojnih. Poro\u010dali smo, da bodo kamnolom Brinjeva gora v ob\u010dini Oplotnica lahko znova izkori\u0161\u010dali, saj je vlada pred dnevi podelila rudarsko pravico za izkori\u0161\u010danje dolomita v tem kamnolomu, in [&hellip;]","og_url":"https:\/\/novice.si\/page\/kamnolom-brinjeva-gora-zreska-sd-nasprotuje-ponovnemu-odprtju\/","og_site_name":"Novice.si","article_published_time":"2021-03-22T11:20:54+00:00","article_modified_time":"2021-03-23T10:26:04+00:00","og_image":[{"width":2560,"height":1152,"url":"https:\/\/novice.si\/page\/wp-content\/uploads\/2021\/03\/kamnolom-brinjeva-gora-scaled.jpg","type":"image\/jpeg"}],"author":"Uredni\u0161tvo Celjana","twitter_card":"summary_large_image","twitter_misc":{"Written by":"Uredni\u0161tvo Celjana","Est. reading time":"4 minute"},"schema":{"@context":"https:\/\/schema.org","@graph":[{"@type":"Article","@id":"https:\/\/novice.si\/page\/kamnolom-brinjeva-gora-zreska-sd-nasprotuje-ponovnemu-odprtju\/#article","isPartOf":{"@id":"https:\/\/novice.si\/page\/kamnolom-brinjeva-gora-zreska-sd-nasprotuje-ponovnemu-odprtju\/"},"author":{"name":"Uredni\u0161tvo Celjana","@id":"https:\/\/novice.si\/page\/#\/schema\/person\/51903923b50fefb075bc1cd24fe4d065"},"headline":"Brinjeva gora: novica o odprtju kamnoloma naletela na nasprotovanje","datePublished":"2021-03-22T11:20:54+00:00","dateModified":"2021-03-23T10:26:04+00:00","mainEntityOfPage":{"@id":"https:\/\/novice.si\/page\/kamnolom-brinjeva-gora-zreska-sd-nasprotuje-ponovnemu-odprtju\/"},"wordCount":711,"publisher":{"@id":"https:\/\/novice.si\/page\/#organization"},"image":{"@id":"https:\/\/novice.si\/page\/kamnolom-brinjeva-gora-zreska-sd-nasprotuje-ponovnemu-odprtju\/#primaryimage"},"thumbnailUrl":"https:\/\/novice.si\/page\/wp-content\/uploads\/2021\/03\/kamnolom-brinjeva-gora-scaled.jpg","keywords":["Brinjeva gora","kamnolom","Ob\u010dina Oplotnica","Ob\u010dina Zre\u010de","SD"],"articleSection":["Aktualno","\u010casopisi","Konji\u0161ko","Novice","Radio Rogla"],"inLanguage":"sl-SI"},{"@type":"WebPage","@id":"https:\/\/novice.si\/page\/kamnolom-brinjeva-gora-zreska-sd-nasprotuje-ponovnemu-odprtju\/","url":"https:\/\/novice.si\/page\/kamnolom-brinjeva-gora-zreska-sd-nasprotuje-ponovnemu-odprtju\/","name":"Brinjeva gora: novica o odprtju kamnoloma naletela na nasprotovanje - Novice.si","isPartOf":{"@id":"https:\/\/novice.si\/page\/#website"},"primaryImageOfPage":{"@id":"https:\/\/novice.si\/page\/kamnolom-brinjeva-gora-zreska-sd-nasprotuje-ponovnemu-odprtju\/#primaryimage"},"image":{"@id":"https:\/\/novice.si\/page\/kamnolom-brinjeva-gora-zreska-sd-nasprotuje-ponovnemu-odprtju\/#primaryimage"},"thumbnailUrl":"https:\/\/novice.si\/page\/wp-content\/uploads\/2021\/03\/kamnolom-brinjeva-gora-scaled.jpg","datePublished":"2021-03-22T11:20:54+00:00","dateModified":"2021-03-23T10:26:04+00:00","breadcrumb":{"@id":"https:\/\/novice.si\/page\/kamnolom-brinjeva-gora-zreska-sd-nasprotuje-ponovnemu-odprtju\/#breadcrumb"},"inLanguage":"sl-SI","potentialAction":[{"@type":"ReadAction","target":["https:\/\/novice.si\/page\/kamnolom-brinjeva-gora-zreska-sd-nasprotuje-ponovnemu-odprtju\/"]}]},{"@type":"ImageObject","inLanguage":"sl-SI","@id":"https:\/\/novice.si\/page\/kamnolom-brinjeva-gora-zreska-sd-nasprotuje-ponovnemu-odprtju\/#primaryimage","url":"https:\/\/novice.si\/page\/wp-content\/uploads\/2021\/03\/kamnolom-brinjeva-gora-scaled.jpg","contentUrl":"https:\/\/novice.si\/page\/wp-content\/uploads\/2021\/03\/kamnolom-brinjeva-gora-scaled.jpg","width":2560,"height":1152},{"@type":"BreadcrumbList","@id":"https:\/\/novice.si\/page\/kamnolom-brinjeva-gora-zreska-sd-nasprotuje-ponovnemu-odprtju\/#breadcrumb","itemListElement":[{"@type":"ListItem","position":1,"name":"Home","item":"https:\/\/novice.si\/page\/"},{"@type":"ListItem","position":2,"name":"Brinjeva gora: novica o odprtju kamnoloma naletela na nasprotovanje"}]},{"@type":"WebSite","@id":"https:\/\/novice.si\/page\/#website","url":"https:\/\/novice.si\/page\/","name":"Novice.si","description":"","publisher":{"@id":"https:\/\/novice.si\/page\/#organization"},"potentialAction":[{"@type":"SearchAction","target":{"@type":"EntryPoint","urlTemplate":"https:\/\/novice.si\/page\/?s={search_term_string}"},"query-input":{"@type":"PropertyValueSpecification","valueRequired":true,"valueName":"search_term_string"}}],"inLanguage":"sl-SI"},{"@type":"Organization","@id":"https:\/\/novice.si\/page\/#organization","name":"Novice.si","url":"https:\/\/novice.si\/page\/","logo":{"@type":"ImageObject","inLanguage":"sl-SI","@id":"https:\/\/novice.si\/page\/#\/schema\/logo\/image\/","url":"https:\/\/novice.si\/page\/wp-content\/uploads\/2023\/03\/novice_si.png","contentUrl":"https:\/\/novice.si\/page\/wp-content\/uploads\/2023\/03\/novice_si.png","width":576,"height":200,"caption":"Novice.si"},"image":{"@id":"https:\/\/novice.si\/page\/#\/schema\/logo\/image\/"}},{"@type":"Person","@id":"https:\/\/novice.si\/page\/#\/schema\/person\/51903923b50fefb075bc1cd24fe4d065","name":"Uredni\u0161tvo Celjana","image":{"@type":"ImageObject","inLanguage":"sl-SI","@id":"https:\/\/secure.gravatar.com\/avatar\/b516f102aa90b53619e09722b8ea56721c99bfcb4f1035f9b333d99f52330226?s=96&d=mm&r=g","url":"https:\/\/secure.gravatar.com\/avatar\/b516f102aa90b53619e09722b8ea56721c99bfcb4f1035f9b333d99f52330226?s=96&d=mm&r=g","contentUrl":"https:\/\/secure.gravatar.com\/avatar\/b516f102aa90b53619e09722b8ea56721c99bfcb4f1035f9b333d99f52330226?s=96&d=mm&r=g","caption":"Uredni\u0161tvo Celjana"},"url":"https:\/\/novice.si\/page\/author\/nejc\/"}]}},"_links":{"self":[{"href":"https:\/\/novice.si\/page\/wp-json\/wp\/v2\/posts\/137358","targetHints":{"allow":["GET"]}}],"collection":[{"href":"https:\/\/novice.si\/page\/wp-json\/wp\/v2\/posts"}],"about":[{"href":"https:\/\/novice.si\/page\/wp-json\/wp\/v2\/types\/post"}],"author":[{"embeddable":true,"href":"https:\/\/novice.si\/page\/wp-json\/wp\/v2\/users\/12"}],"replies":[{"embeddable":true,"href":"https:\/\/novice.si\/page\/wp-json\/wp\/v2\/comments?post=137358"}],"version-history":[{"count":0,"href":"https:\/\/novice.si\/page\/wp-json\/wp\/v2\/posts\/137358\/revisions"}],"wp:featuredmedia":[{"embeddable":true,"href":"https:\/\/novice.si\/page\/wp-json\/wp\/v2\/media\/137202"}],"wp:attachment":[{"href":"https:\/\/novice.si\/page\/wp-json\/wp\/v2\/media?parent=137358"}],"wp:term":[{"taxonomy":"category","embeddable":true,"href":"https:\/\/novice.si\/page\/wp-json\/wp\/v2\/categories?post=137358"},{"taxonomy":"post_tag","embeddable":true,"href":"https:\/\/novice.si\/page\/wp-json\/wp\/v2\/tags?post=137358"}],"curies":[{"name":"wp","href":"https:\/\/api.w.org\/{rel}","templated":true}]}}