{"id":123411,"date":"2020-03-12T17:15:54","date_gmt":"2020-03-12T16:15:54","guid":{"rendered":"https:\/\/novice.si\/page\/?p=123411"},"modified":"2020-03-13T10:24:31","modified_gmt":"2020-03-13T09:24:31","slug":"znani-najboljsi-konjiski-sportniki-ne-pa-kdaj-bodo-priznanja-dobili","status":"publish","type":"post","link":"https:\/\/novice.si\/page\/znani-najboljsi-konjiski-sportniki-ne-pa-kdaj-bodo-priznanja-dobili\/","title":{"rendered":"Znani najbolj\u0161i konji\u0161ki \u0161portniki, ne pa, kdaj bodo priznanja dobili"},"content":{"rendered":"<p><a href=\"https:\/\/novice.si\/page\/wp-content\/uploads\/2020\/03\/sportnik-leta-2019-konjice-2.jpeg\" data-gallery><img loading=\"lazy\" decoding=\"async\" class=\"size-medium wp-image-123413 alignleft\" src=\"https:\/\/novice.si\/page\/wp-content\/uploads\/2020\/03\/sportnik-leta-2019-konjice-2-300x258.jpeg\" alt=\"\" width=\"300\" height=\"258\" srcset=\"https:\/\/novice.si\/page\/wp-content\/uploads\/2020\/03\/sportnik-leta-2019-konjice-2-300x258.jpeg 300w, https:\/\/novice.si\/page\/wp-content\/uploads\/2020\/03\/sportnik-leta-2019-konjice-2-1024x880.jpeg 1024w, https:\/\/novice.si\/page\/wp-content\/uploads\/2020\/03\/sportnik-leta-2019-konjice-2-768x660.jpeg 768w, https:\/\/novice.si\/page\/wp-content\/uploads\/2020\/03\/sportnik-leta-2019-konjice-2-696x598.jpeg 696w, https:\/\/novice.si\/page\/wp-content\/uploads\/2020\/03\/sportnik-leta-2019-konjice-2-1068x918.jpeg 1068w, https:\/\/novice.si\/page\/wp-content\/uploads\/2020\/03\/sportnik-leta-2019-konjice-2-489x420.jpeg 489w, https:\/\/novice.si\/page\/wp-content\/uploads\/2020\/03\/sportnik-leta-2019-konjice-2-24x21.jpeg 24w, https:\/\/novice.si\/page\/wp-content\/uploads\/2020\/03\/sportnik-leta-2019-konjice-2-36x31.jpeg 36w, https:\/\/novice.si\/page\/wp-content\/uploads\/2020\/03\/sportnik-leta-2019-konjice-2-48x41.jpeg 48w, https:\/\/novice.si\/page\/wp-content\/uploads\/2020\/03\/sportnik-leta-2019-konjice-2.jpeg 1117w\" sizes=\"auto, (max-width: 300px) 100vw, 300px\" \/><\/a>Atletinja <strong>Martina Ratej<\/strong> in taekwondoist <strong>Nik Augu\u0161tin<\/strong> sta najbolj\u0161a \u0161portnika konji\u0161ke ob\u010dine za leto 2019. Ratejeva je bila lani med drugim v metu kopja deseta na svetovnem prvenstvu v Dohi, Augu\u0161tin pa je postal dr\u017eavni prvak v kategoriji nad 87 kilogramov in osvojil prvo mesto na svetovnem pokalu &#8216;G1 Bosna open&#8217;. Med \u0161portnimi ekipami so bile znova najbolj\u0161e <strong>\u010dlanice \u017denskega ko\u0161arkarskega kluba Konjice<\/strong> in med mo\u0161kimi <strong>\u010dlani Nogometnega dru\u0161tva Dravinja<\/strong>. Skupaj kar 108 priznanj v razli\u010dnih kategorijah bi morali podeliti v torek, a so prireditev &#8216;\u0160portnik leta 2019&#8217; iz preventivnih ukrepov prepre\u010devanja \u0161irjenja koronavirusa odpovedali. Z Zavoda za \u0161port Slovenske Konjice so sporo\u010dili, da bodo dogodek \u0161e sku\u0161ali izpeljati. \u010ce jim to do 20. aprila ne bo uspelo, bodo \u0161portnikom priznanja podelili brez javne prireditve. (Jure Mernik)<\/p>\n<p>Preberite tudi:<br \/>\nNajbolj\u0161a konji\u0161ka \u0161portnika sta atletinja in boksar (dopolnjeno s fotogalerijo)<br \/>\n<a href=\"https:\/\/novice.si\/page\/najboljsa-konjiska-sportnika-sta-atletinja-in-boksar\/\">https:\/\/novice.si\/page\/najboljsa-konjiska-sportnika-sta-atletinja-in-boksar\/<\/a><\/p>\n","protected":false},"excerpt":{"rendered":"<p>Atletinja Martina Ratej in taekwondoist Nik Augu\u0161tin sta najbolj\u0161a \u0161portnika konji\u0161ke ob\u010dine za leto 2019. Ratejeva je bila lani med drugim v metu kopja deseta na svetovnem prvenstvu v Dohi, Augu\u0161tin pa je postal dr\u017eavni prvak v kategoriji nad 87 kilogramov in osvojil prvo mesto na svetovnem pokalu &#8216;G1 Bosna open&#8217;. Med \u0161portnimi ekipami so [&hellip;]<\/p>\n","protected":false},"author":7,"featured_media":123413,"comment_status":"closed","ping_status":"closed","sticky":false,"template":"","format":"standard","meta":{"footnotes":""},"categories":[16,68],"tags":[234,6672,8397],"class_list":{"0":"post-123411","1":"post","2":"type-post","3":"status-publish","4":"format-standard","5":"has-post-thumbnail","7":"category-konjisko","8":"category-sport","9":"tag-martina-ratej","10":"tag-nik-augustin","11":"tag-sportnik-leta-2019-konjice"},"yoast_head":"<!-- This site is optimized with the Yoast SEO plugin v27.4 - https:\/\/yoast.com\/product\/yoast-seo-wordpress\/ -->\n<title>Znani najbolj\u0161i konji\u0161ki \u0161portniki, ne pa, kdaj bodo priznanja dobili - Novice.si<\/title>\n<meta name=\"robots\" content=\"index, follow, max-snippet:-1, max-image-preview:large, max-video-preview:-1\" \/>\n<link rel=\"canonical\" href=\"https:\/\/novice.si\/page\/znani-najboljsi-konjiski-sportniki-ne-pa-kdaj-bodo-priznanja-dobili\/\" \/>\n<meta property=\"og:locale\" content=\"sl_SI\" \/>\n<meta property=\"og:type\" content=\"article\" \/>\n<meta property=\"og:title\" content=\"Znani najbolj\u0161i konji\u0161ki \u0161portniki, ne pa, kdaj bodo priznanja dobili - Novice.si\" \/>\n<meta property=\"og:description\" content=\"Atletinja Martina Ratej in taekwondoist Nik Augu\u0161tin sta najbolj\u0161a \u0161portnika konji\u0161ke ob\u010dine za leto 2019. Ratejeva je bila lani med drugim v metu kopja deseta na svetovnem prvenstvu v Dohi, Augu\u0161tin pa je postal dr\u017eavni prvak v kategoriji nad 87 kilogramov in osvojil prvo mesto na svetovnem pokalu &#8216;G1 Bosna open&#8217;. Med \u0161portnimi ekipami so [&hellip;]\" \/>\n<meta property=\"og:url\" content=\"https:\/\/novice.si\/page\/znani-najboljsi-konjiski-sportniki-ne-pa-kdaj-bodo-priznanja-dobili\/\" \/>\n<meta property=\"og:site_name\" content=\"Novice.si\" \/>\n<meta property=\"article:published_time\" content=\"2020-03-12T16:15:54+00:00\" \/>\n<meta property=\"article:modified_time\" content=\"2020-03-13T09:24:31+00:00\" \/>\n<meta property=\"og:image\" content=\"https:\/\/novice.si\/page\/wp-content\/uploads\/2020\/03\/sportnik-leta-2019-konjice-2.jpeg\" \/>\n\t<meta property=\"og:image:width\" content=\"1117\" \/>\n\t<meta property=\"og:image:height\" content=\"960\" \/>\n\t<meta property=\"og:image:type\" content=\"image\/jpeg\" \/>\n<meta name=\"author\" content=\"Uredni\u0161tvo Novic\" \/>\n<meta name=\"twitter:card\" content=\"summary_large_image\" \/>\n<meta name=\"twitter:label1\" content=\"Written by\" \/>\n\t<meta name=\"twitter:data1\" content=\"Uredni\u0161tvo Novic\" \/>\n\t<meta name=\"twitter:label2\" content=\"Est. reading time\" \/>\n\t<meta name=\"twitter:data2\" content=\"1 minuta\" \/>\n<script type=\"application\/ld+json\" class=\"yoast-schema-graph\">{\"@context\":\"https:\\\/\\\/schema.org\",\"@graph\":[{\"@type\":\"Article\",\"@id\":\"https:\\\/\\\/novice.si\\\/page\\\/znani-najboljsi-konjiski-sportniki-ne-pa-kdaj-bodo-priznanja-dobili\\\/#article\",\"isPartOf\":{\"@id\":\"https:\\\/\\\/novice.si\\\/page\\\/znani-najboljsi-konjiski-sportniki-ne-pa-kdaj-bodo-priznanja-dobili\\\/\"},\"author\":{\"name\":\"Uredni\u0161tvo Novic\",\"@id\":\"https:\\\/\\\/novice.si\\\/page\\\/#\\\/schema\\\/person\\\/a877dbb8680d441357ce27663beb35ca\"},\"headline\":\"Znani najbolj\u0161i konji\u0161ki \u0161portniki, ne pa, kdaj bodo priznanja dobili\",\"datePublished\":\"2020-03-12T16:15:54+00:00\",\"dateModified\":\"2020-03-13T09:24:31+00:00\",\"mainEntityOfPage\":{\"@id\":\"https:\\\/\\\/novice.si\\\/page\\\/znani-najboljsi-konjiski-sportniki-ne-pa-kdaj-bodo-priznanja-dobili\\\/\"},\"wordCount\":169,\"publisher\":{\"@id\":\"https:\\\/\\\/novice.si\\\/page\\\/#organization\"},\"image\":{\"@id\":\"https:\\\/\\\/novice.si\\\/page\\\/znani-najboljsi-konjiski-sportniki-ne-pa-kdaj-bodo-priznanja-dobili\\\/#primaryimage\"},\"thumbnailUrl\":\"https:\\\/\\\/novice.si\\\/page\\\/wp-content\\\/uploads\\\/2020\\\/03\\\/sportnik-leta-2019-konjice-2.jpeg\",\"keywords\":[\"Martina Ratej\",\"Nik Augu\u0161tin\",\"\u0161portnik leta 2019 konjice\"],\"articleSection\":[\"Konji\u0161ko\",\"\u0160port\"],\"inLanguage\":\"sl-SI\"},{\"@type\":\"WebPage\",\"@id\":\"https:\\\/\\\/novice.si\\\/page\\\/znani-najboljsi-konjiski-sportniki-ne-pa-kdaj-bodo-priznanja-dobili\\\/\",\"url\":\"https:\\\/\\\/novice.si\\\/page\\\/znani-najboljsi-konjiski-sportniki-ne-pa-kdaj-bodo-priznanja-dobili\\\/\",\"name\":\"Znani najbolj\u0161i konji\u0161ki \u0161portniki, ne pa, kdaj bodo priznanja dobili - Novice.si\",\"isPartOf\":{\"@id\":\"https:\\\/\\\/novice.si\\\/page\\\/#website\"},\"primaryImageOfPage\":{\"@id\":\"https:\\\/\\\/novice.si\\\/page\\\/znani-najboljsi-konjiski-sportniki-ne-pa-kdaj-bodo-priznanja-dobili\\\/#primaryimage\"},\"image\":{\"@id\":\"https:\\\/\\\/novice.si\\\/page\\\/znani-najboljsi-konjiski-sportniki-ne-pa-kdaj-bodo-priznanja-dobili\\\/#primaryimage\"},\"thumbnailUrl\":\"https:\\\/\\\/novice.si\\\/page\\\/wp-content\\\/uploads\\\/2020\\\/03\\\/sportnik-leta-2019-konjice-2.jpeg\",\"datePublished\":\"2020-03-12T16:15:54+00:00\",\"dateModified\":\"2020-03-13T09:24:31+00:00\",\"breadcrumb\":{\"@id\":\"https:\\\/\\\/novice.si\\\/page\\\/znani-najboljsi-konjiski-sportniki-ne-pa-kdaj-bodo-priznanja-dobili\\\/#breadcrumb\"},\"inLanguage\":\"sl-SI\",\"potentialAction\":[{\"@type\":\"ReadAction\",\"target\":[\"https:\\\/\\\/novice.si\\\/page\\\/znani-najboljsi-konjiski-sportniki-ne-pa-kdaj-bodo-priznanja-dobili\\\/\"]}]},{\"@type\":\"ImageObject\",\"inLanguage\":\"sl-SI\",\"@id\":\"https:\\\/\\\/novice.si\\\/page\\\/znani-najboljsi-konjiski-sportniki-ne-pa-kdaj-bodo-priznanja-dobili\\\/#primaryimage\",\"url\":\"https:\\\/\\\/novice.si\\\/page\\\/wp-content\\\/uploads\\\/2020\\\/03\\\/sportnik-leta-2019-konjice-2.jpeg\",\"contentUrl\":\"https:\\\/\\\/novice.si\\\/page\\\/wp-content\\\/uploads\\\/2020\\\/03\\\/sportnik-leta-2019-konjice-2.jpeg\",\"width\":1117,\"height\":960},{\"@type\":\"BreadcrumbList\",\"@id\":\"https:\\\/\\\/novice.si\\\/page\\\/znani-najboljsi-konjiski-sportniki-ne-pa-kdaj-bodo-priznanja-dobili\\\/#breadcrumb\",\"itemListElement\":[{\"@type\":\"ListItem\",\"position\":1,\"name\":\"Home\",\"item\":\"https:\\\/\\\/novice.si\\\/page\\\/\"},{\"@type\":\"ListItem\",\"position\":2,\"name\":\"Znani najbolj\u0161i konji\u0161ki \u0161portniki, ne pa, kdaj bodo priznanja dobili\"}]},{\"@type\":\"WebSite\",\"@id\":\"https:\\\/\\\/novice.si\\\/page\\\/#website\",\"url\":\"https:\\\/\\\/novice.si\\\/page\\\/\",\"name\":\"Novice.si\",\"description\":\"\",\"publisher\":{\"@id\":\"https:\\\/\\\/novice.si\\\/page\\\/#organization\"},\"potentialAction\":[{\"@type\":\"SearchAction\",\"target\":{\"@type\":\"EntryPoint\",\"urlTemplate\":\"https:\\\/\\\/novice.si\\\/page\\\/?s={search_term_string}\"},\"query-input\":{\"@type\":\"PropertyValueSpecification\",\"valueRequired\":true,\"valueName\":\"search_term_string\"}}],\"inLanguage\":\"sl-SI\"},{\"@type\":\"Organization\",\"@id\":\"https:\\\/\\\/novice.si\\\/page\\\/#organization\",\"name\":\"Novice.si\",\"url\":\"https:\\\/\\\/novice.si\\\/page\\\/\",\"logo\":{\"@type\":\"ImageObject\",\"inLanguage\":\"sl-SI\",\"@id\":\"https:\\\/\\\/novice.si\\\/page\\\/#\\\/schema\\\/logo\\\/image\\\/\",\"url\":\"https:\\\/\\\/novice.si\\\/page\\\/wp-content\\\/uploads\\\/2023\\\/03\\\/novice_si.png\",\"contentUrl\":\"https:\\\/\\\/novice.si\\\/page\\\/wp-content\\\/uploads\\\/2023\\\/03\\\/novice_si.png\",\"width\":576,\"height\":200,\"caption\":\"Novice.si\"},\"image\":{\"@id\":\"https:\\\/\\\/novice.si\\\/page\\\/#\\\/schema\\\/logo\\\/image\\\/\"}},{\"@type\":\"Person\",\"@id\":\"https:\\\/\\\/novice.si\\\/page\\\/#\\\/schema\\\/person\\\/a877dbb8680d441357ce27663beb35ca\",\"name\":\"Uredni\u0161tvo Novic\",\"image\":{\"@type\":\"ImageObject\",\"inLanguage\":\"sl-SI\",\"@id\":\"https:\\\/\\\/secure.gravatar.com\\\/avatar\\\/f19c0ae874706cc9ba19d2f6da5f74a5a5ee7674f283fed29ce0ad16a9f1893e?s=96&d=mm&r=g\",\"url\":\"https:\\\/\\\/secure.gravatar.com\\\/avatar\\\/f19c0ae874706cc9ba19d2f6da5f74a5a5ee7674f283fed29ce0ad16a9f1893e?s=96&d=mm&r=g\",\"contentUrl\":\"https:\\\/\\\/secure.gravatar.com\\\/avatar\\\/f19c0ae874706cc9ba19d2f6da5f74a5a5ee7674f283fed29ce0ad16a9f1893e?s=96&d=mm&r=g\",\"caption\":\"Uredni\u0161tvo Novic\"},\"url\":\"https:\\\/\\\/novice.si\\\/page\\\/author\\\/jure\\\/\"}]}<\/script>\n<!-- \/ Yoast SEO plugin. -->","yoast_head_json":{"title":"Znani najbolj\u0161i konji\u0161ki \u0161portniki, ne pa, kdaj bodo priznanja dobili - Novice.si","robots":{"index":"index","follow":"follow","max-snippet":"max-snippet:-1","max-image-preview":"max-image-preview:large","max-video-preview":"max-video-preview:-1"},"canonical":"https:\/\/novice.si\/page\/znani-najboljsi-konjiski-sportniki-ne-pa-kdaj-bodo-priznanja-dobili\/","og_locale":"sl_SI","og_type":"article","og_title":"Znani najbolj\u0161i konji\u0161ki \u0161portniki, ne pa, kdaj bodo priznanja dobili - Novice.si","og_description":"Atletinja Martina Ratej in taekwondoist Nik Augu\u0161tin sta najbolj\u0161a \u0161portnika konji\u0161ke ob\u010dine za leto 2019. Ratejeva je bila lani med drugim v metu kopja deseta na svetovnem prvenstvu v Dohi, Augu\u0161tin pa je postal dr\u017eavni prvak v kategoriji nad 87 kilogramov in osvojil prvo mesto na svetovnem pokalu &#8216;G1 Bosna open&#8217;. Med \u0161portnimi ekipami so [&hellip;]","og_url":"https:\/\/novice.si\/page\/znani-najboljsi-konjiski-sportniki-ne-pa-kdaj-bodo-priznanja-dobili\/","og_site_name":"Novice.si","article_published_time":"2020-03-12T16:15:54+00:00","article_modified_time":"2020-03-13T09:24:31+00:00","og_image":[{"width":1117,"height":960,"url":"https:\/\/novice.si\/page\/wp-content\/uploads\/2020\/03\/sportnik-leta-2019-konjice-2.jpeg","type":"image\/jpeg"}],"author":"Uredni\u0161tvo Novic","twitter_card":"summary_large_image","twitter_misc":{"Written by":"Uredni\u0161tvo Novic","Est. reading time":"1 minuta"},"schema":{"@context":"https:\/\/schema.org","@graph":[{"@type":"Article","@id":"https:\/\/novice.si\/page\/znani-najboljsi-konjiski-sportniki-ne-pa-kdaj-bodo-priznanja-dobili\/#article","isPartOf":{"@id":"https:\/\/novice.si\/page\/znani-najboljsi-konjiski-sportniki-ne-pa-kdaj-bodo-priznanja-dobili\/"},"author":{"name":"Uredni\u0161tvo Novic","@id":"https:\/\/novice.si\/page\/#\/schema\/person\/a877dbb8680d441357ce27663beb35ca"},"headline":"Znani najbolj\u0161i konji\u0161ki \u0161portniki, ne pa, kdaj bodo priznanja dobili","datePublished":"2020-03-12T16:15:54+00:00","dateModified":"2020-03-13T09:24:31+00:00","mainEntityOfPage":{"@id":"https:\/\/novice.si\/page\/znani-najboljsi-konjiski-sportniki-ne-pa-kdaj-bodo-priznanja-dobili\/"},"wordCount":169,"publisher":{"@id":"https:\/\/novice.si\/page\/#organization"},"image":{"@id":"https:\/\/novice.si\/page\/znani-najboljsi-konjiski-sportniki-ne-pa-kdaj-bodo-priznanja-dobili\/#primaryimage"},"thumbnailUrl":"https:\/\/novice.si\/page\/wp-content\/uploads\/2020\/03\/sportnik-leta-2019-konjice-2.jpeg","keywords":["Martina Ratej","Nik Augu\u0161tin","\u0161portnik leta 2019 konjice"],"articleSection":["Konji\u0161ko","\u0160port"],"inLanguage":"sl-SI"},{"@type":"WebPage","@id":"https:\/\/novice.si\/page\/znani-najboljsi-konjiski-sportniki-ne-pa-kdaj-bodo-priznanja-dobili\/","url":"https:\/\/novice.si\/page\/znani-najboljsi-konjiski-sportniki-ne-pa-kdaj-bodo-priznanja-dobili\/","name":"Znani najbolj\u0161i konji\u0161ki \u0161portniki, ne pa, kdaj bodo priznanja dobili - Novice.si","isPartOf":{"@id":"https:\/\/novice.si\/page\/#website"},"primaryImageOfPage":{"@id":"https:\/\/novice.si\/page\/znani-najboljsi-konjiski-sportniki-ne-pa-kdaj-bodo-priznanja-dobili\/#primaryimage"},"image":{"@id":"https:\/\/novice.si\/page\/znani-najboljsi-konjiski-sportniki-ne-pa-kdaj-bodo-priznanja-dobili\/#primaryimage"},"thumbnailUrl":"https:\/\/novice.si\/page\/wp-content\/uploads\/2020\/03\/sportnik-leta-2019-konjice-2.jpeg","datePublished":"2020-03-12T16:15:54+00:00","dateModified":"2020-03-13T09:24:31+00:00","breadcrumb":{"@id":"https:\/\/novice.si\/page\/znani-najboljsi-konjiski-sportniki-ne-pa-kdaj-bodo-priznanja-dobili\/#breadcrumb"},"inLanguage":"sl-SI","potentialAction":[{"@type":"ReadAction","target":["https:\/\/novice.si\/page\/znani-najboljsi-konjiski-sportniki-ne-pa-kdaj-bodo-priznanja-dobili\/"]}]},{"@type":"ImageObject","inLanguage":"sl-SI","@id":"https:\/\/novice.si\/page\/znani-najboljsi-konjiski-sportniki-ne-pa-kdaj-bodo-priznanja-dobili\/#primaryimage","url":"https:\/\/novice.si\/page\/wp-content\/uploads\/2020\/03\/sportnik-leta-2019-konjice-2.jpeg","contentUrl":"https:\/\/novice.si\/page\/wp-content\/uploads\/2020\/03\/sportnik-leta-2019-konjice-2.jpeg","width":1117,"height":960},{"@type":"BreadcrumbList","@id":"https:\/\/novice.si\/page\/znani-najboljsi-konjiski-sportniki-ne-pa-kdaj-bodo-priznanja-dobili\/#breadcrumb","itemListElement":[{"@type":"ListItem","position":1,"name":"Home","item":"https:\/\/novice.si\/page\/"},{"@type":"ListItem","position":2,"name":"Znani najbolj\u0161i konji\u0161ki \u0161portniki, ne pa, kdaj bodo priznanja dobili"}]},{"@type":"WebSite","@id":"https:\/\/novice.si\/page\/#website","url":"https:\/\/novice.si\/page\/","name":"Novice.si","description":"","publisher":{"@id":"https:\/\/novice.si\/page\/#organization"},"potentialAction":[{"@type":"SearchAction","target":{"@type":"EntryPoint","urlTemplate":"https:\/\/novice.si\/page\/?s={search_term_string}"},"query-input":{"@type":"PropertyValueSpecification","valueRequired":true,"valueName":"search_term_string"}}],"inLanguage":"sl-SI"},{"@type":"Organization","@id":"https:\/\/novice.si\/page\/#organization","name":"Novice.si","url":"https:\/\/novice.si\/page\/","logo":{"@type":"ImageObject","inLanguage":"sl-SI","@id":"https:\/\/novice.si\/page\/#\/schema\/logo\/image\/","url":"https:\/\/novice.si\/page\/wp-content\/uploads\/2023\/03\/novice_si.png","contentUrl":"https:\/\/novice.si\/page\/wp-content\/uploads\/2023\/03\/novice_si.png","width":576,"height":200,"caption":"Novice.si"},"image":{"@id":"https:\/\/novice.si\/page\/#\/schema\/logo\/image\/"}},{"@type":"Person","@id":"https:\/\/novice.si\/page\/#\/schema\/person\/a877dbb8680d441357ce27663beb35ca","name":"Uredni\u0161tvo Novic","image":{"@type":"ImageObject","inLanguage":"sl-SI","@id":"https:\/\/secure.gravatar.com\/avatar\/f19c0ae874706cc9ba19d2f6da5f74a5a5ee7674f283fed29ce0ad16a9f1893e?s=96&d=mm&r=g","url":"https:\/\/secure.gravatar.com\/avatar\/f19c0ae874706cc9ba19d2f6da5f74a5a5ee7674f283fed29ce0ad16a9f1893e?s=96&d=mm&r=g","contentUrl":"https:\/\/secure.gravatar.com\/avatar\/f19c0ae874706cc9ba19d2f6da5f74a5a5ee7674f283fed29ce0ad16a9f1893e?s=96&d=mm&r=g","caption":"Uredni\u0161tvo Novic"},"url":"https:\/\/novice.si\/page\/author\/jure\/"}]}},"_links":{"self":[{"href":"https:\/\/novice.si\/page\/wp-json\/wp\/v2\/posts\/123411","targetHints":{"allow":["GET"]}}],"collection":[{"href":"https:\/\/novice.si\/page\/wp-json\/wp\/v2\/posts"}],"about":[{"href":"https:\/\/novice.si\/page\/wp-json\/wp\/v2\/types\/post"}],"author":[{"embeddable":true,"href":"https:\/\/novice.si\/page\/wp-json\/wp\/v2\/users\/7"}],"replies":[{"embeddable":true,"href":"https:\/\/novice.si\/page\/wp-json\/wp\/v2\/comments?post=123411"}],"version-history":[{"count":0,"href":"https:\/\/novice.si\/page\/wp-json\/wp\/v2\/posts\/123411\/revisions"}],"wp:featuredmedia":[{"embeddable":true,"href":"https:\/\/novice.si\/page\/wp-json\/wp\/v2\/media\/123413"}],"wp:attachment":[{"href":"https:\/\/novice.si\/page\/wp-json\/wp\/v2\/media?parent=123411"}],"wp:term":[{"taxonomy":"category","embeddable":true,"href":"https:\/\/novice.si\/page\/wp-json\/wp\/v2\/categories?post=123411"},{"taxonomy":"post_tag","embeddable":true,"href":"https:\/\/novice.si\/page\/wp-json\/wp\/v2\/tags?post=123411"}],"curies":[{"name":"wp","href":"https:\/\/api.w.org\/{rel}","templated":true}]}}