{"id":121384,"date":"2020-02-11T17:14:18","date_gmt":"2020-02-11T16:14:18","guid":{"rendered":"https:\/\/novice.si\/page\/?p=121384"},"modified":"2020-02-11T12:21:56","modified_gmt":"2020-02-11T11:21:56","slug":"vitanje-spor-med-ksevt-om-in-centrom-noordung-se-ni-resen","status":"publish","type":"post","link":"https:\/\/novice.si\/page\/vitanje-spor-med-ksevt-om-in-centrom-noordung-se-ni-resen\/","title":{"rendered":"Vitanje: Spor med KSEVT-om in Centrom Noordung \u0161e ni re\u0161en"},"content":{"rendered":"<p><a href=\"https:\/\/novice.si\/page\/wp-content\/uploads\/2020\/02\/center-3.jpg\" data-gallery><img loading=\"lazy\" decoding=\"async\" class=\"alignleft size-medium wp-image-121396\" src=\"https:\/\/novice.si\/page\/wp-content\/uploads\/2020\/02\/center-3-300x180.jpg\" alt=\"\" width=\"300\" height=\"180\" srcset=\"https:\/\/novice.si\/page\/wp-content\/uploads\/2020\/02\/center-3-300x180.jpg 300w, https:\/\/novice.si\/page\/wp-content\/uploads\/2020\/02\/center-3-768x461.jpg 768w, https:\/\/novice.si\/page\/wp-content\/uploads\/2020\/02\/center-3-696x418.jpg 696w, https:\/\/novice.si\/page\/wp-content\/uploads\/2020\/02\/center-3-700x420.jpg 700w, https:\/\/novice.si\/page\/wp-content\/uploads\/2020\/02\/center-3-24x14.jpg 24w, https:\/\/novice.si\/page\/wp-content\/uploads\/2020\/02\/center-3-36x22.jpg 36w, https:\/\/novice.si\/page\/wp-content\/uploads\/2020\/02\/center-3-48x29.jpg 48w, https:\/\/novice.si\/page\/wp-content\/uploads\/2020\/02\/center-3.jpg 1000w\" sizes=\"auto, (max-width: 300px) 100vw, 300px\" \/><\/a>Spor med prej\u0161njo ekipo Kulturnega centra evropskih vesoljskih tehnologij (KSEVT) in zdaj\u0161njega Centra Noordung v Vitanju \u0161e vedno ni razre\u0161en. Na zahtevo prej\u0161njega direktorja in soustanovitelja KSEVT-a <strong>Mihe Tur\u0161i\u010da<\/strong> so iz centra umaknili vse razstavne eksponate, za katere Tur\u0161i\u010d trdi, da so lastnina ustanoviteljev KSEVT-a, gospodarsko ministrstvi pa trdi, da dokumentov, ki bi dokazovali zasebno lastni\u0161tvo opreme, ni. Zdaj\u0161nji direktor Centra Noodrung <strong>dr. Dominik Kobold<\/strong> upa, da bodo zadeve lahko raz\u010distili brez posredovanja sodi\u0161\u010da. <em>\u00bbTako na\u0161a kot njihova stran je pridobila pravno mnenje. Mi si \u017eelimo, da bi spor re\u0161ili s pogovorom in dogovorom, brez to\u017eb in posredovanja sodi\u0161\u010da,\u00ab<\/em> dodaja Kobold.<\/p>\n<p>Spomnimo, da je KSEVT pod vodstvom Mihe Tur\u0161i\u010da za\u0161el v velike finan\u010dne te\u017eave. Ksevt naj bi med drugim iz\u010drpaval ob\u010dinski prora\u010dun, urad za nadzor prora\u010duna ministrstva za finance je \u017ee pred tremi leti pritrdil ugotovitvam Ministrstva za kulturo, da so v Ksevtu prora\u010dunski denar porabili nenamensko oziroma netransparentno. Zato je v Ksevt s finan\u010dnim vlo\u017ekom vstopila dr\u017eava, zamenjala vodstvo in zavodu pod novim imenom . Center Noordung zagotovila pre\u017eivetje. Tur\u0161i\u010d pa ves \u010das zatrjuje, da je ves razstavni program last prvotnih ustanoviteljev ter zbirka kulturne dedi\u0161\u010dine. Po njegovem mnenju je dr\u017eavni zavod razstavno opremo, multimedijsko tehnologijo, vsebino razstav, knji\u017eno zbirko, eksponate kulturne dedi\u0161\u010dine ter umetnine mednarodnih umetnikov zavestno uporabljal brez pravne podlage in dogovora z zakonitimi lastniki.<br \/>\nKsevt oziroma dana\u0161nji Center Noordung so v Vitanju, od koder izvira dru\u017eina pionirja vesoljskih tehnologij Hermana Poto\u010dnika Noordunga, doprli septembra 2012. Ministrstvo za kulturo je projekt izbralo na razpisu za obnovo javne infrastrukture, glavnina sredstev 2,8 milijonskega projekta je pri\u0161la iz evropskih skladov, petnajst odstotkov je prispevala dr\u017eava, 800.000 evrov pa ob\u010dina Vitanje.<\/p>\n\r\n                <style type=\"text\/css\">\r\n                    \r\n                    #tdi_1  .td-doubleSlider-2 .td-item1 {\r\n                        background: url(https:\/\/novice.si\/page\/wp-content\/uploads\/2020\/02\/center-5-80x60.jpg) 0 0 no-repeat;\r\n                    }\r\n                    #tdi_1  .td-doubleSlider-2 .td-item2 {\r\n                        background: url(https:\/\/novice.si\/page\/wp-content\/uploads\/2020\/02\/center-2-80x60.jpg) 0 0 no-repeat;\r\n                    }\r\n                    #tdi_1  .td-doubleSlider-2 .td-item3 {\r\n                        background: url(https:\/\/novice.si\/page\/wp-content\/uploads\/2020\/02\/center-1-80x60.jpg) 0 0 no-repeat;\r\n                    }\r\n                    #tdi_1  .td-doubleSlider-2 .td-item4 {\r\n                        background: url(https:\/\/novice.si\/page\/wp-content\/uploads\/2020\/02\/center-4-80x60.jpg) 0 0 no-repeat;\r\n                    }\r\n                    #tdi_1  .td-doubleSlider-2 .td-item5 {\r\n                        background: url(https:\/\/novice.si\/page\/wp-content\/uploads\/2020\/02\/center-3-80x60.jpg) 0 0 no-repeat;\r\n                    }\r\n                <\/style>\r\n\r\n                <div id=\"tdi_1\" class=\"td-gallery td-slide-on-2-columns\">\r\n                    <div class=\"post_td_gallery\">\r\n                        <div class=\"td-gallery-slide-top\">\r\n                           <div class=\"td-gallery-title\"><\/div>\r\n\r\n                            <div class=\"td-gallery-controls-wrapper\">\r\n                                <div class=\"td-gallery-slide-count\"><span class=\"td-gallery-slide-item-focus\">1<\/span> od 5<\/div>\r\n                                <div class=\"td-gallery-slide-prev-next-but\">\r\n                                    <i class = \"td-icon-left doubleSliderPrevButton\"><\/i>\r\n                                    <i class = \"td-icon-right doubleSliderNextButton\"><\/i>\r\n                                <\/div>\r\n                            <\/div>\r\n                        <\/div>\r\n\r\n                        <div class = \"td-doubleSlider-1 \">\r\n                            <div class = \"td-slider\">\r\n                                \r\n                    <div class = \"td-slide-item td-item1\">\r\n                        <figure class=\"td-slide-galery-figure td-slide-popup-gallery\">\r\n                            <a class=\"slide-gallery-image-link\" href=\"https:\/\/novice.si\/page\/wp-content\/uploads\/2020\/02\/center-5.jpg\" title=\"center 5\"  data-caption=\"\"  data-description=\"\" data-gallery>\r\n                                <img decoding=\"async\" src=\"https:\/\/novice.si\/page\/wp-content\/uploads\/2020\/02\/center-5-630x420.jpg\" srcset=\"https:\/\/novice.si\/page\/wp-content\/uploads\/2020\/02\/center-5-630x420.jpg 630w, https:\/\/novice.si\/page\/wp-content\/uploads\/2020\/02\/center-5-300x200.jpg 300w, https:\/\/novice.si\/page\/wp-content\/uploads\/2020\/02\/center-5-24x16.jpg 24w, https:\/\/novice.si\/page\/wp-content\/uploads\/2020\/02\/center-5-36x24.jpg 36w, https:\/\/novice.si\/page\/wp-content\/uploads\/2020\/02\/center-5-48x32.jpg 48w, https:\/\/novice.si\/page\/wp-content\/uploads\/2020\/02\/center-5.jpg 660w\" sizes=\"(max-width: 630px) 100vw, 630px\" alt=\"\">\r\n                            <\/a>\r\n                            \r\n                        <\/figure>\r\n                    <\/div>\r\n                    <div class = \"td-slide-item td-item2\">\r\n                        <figure class=\"td-slide-galery-figure td-slide-popup-gallery\">\r\n                            <a class=\"slide-gallery-image-link\" href=\"https:\/\/novice.si\/page\/wp-content\/uploads\/2020\/02\/center-2.jpg\" title=\"center 2\"  data-caption=\"\"  data-description=\"\" data-gallery>\r\n                                <img decoding=\"async\" src=\"https:\/\/novice.si\/page\/wp-content\/uploads\/2020\/02\/center-2-630x420.jpg\" srcset=\"https:\/\/novice.si\/page\/wp-content\/uploads\/2020\/02\/center-2-630x420.jpg 630w, https:\/\/novice.si\/page\/wp-content\/uploads\/2020\/02\/center-2-300x200.jpg 300w, https:\/\/novice.si\/page\/wp-content\/uploads\/2020\/02\/center-2-768x512.jpg 768w, https:\/\/novice.si\/page\/wp-content\/uploads\/2020\/02\/center-2-696x464.jpg 696w, https:\/\/novice.si\/page\/wp-content\/uploads\/2020\/02\/center-2-24x16.jpg 24w, https:\/\/novice.si\/page\/wp-content\/uploads\/2020\/02\/center-2-36x24.jpg 36w, https:\/\/novice.si\/page\/wp-content\/uploads\/2020\/02\/center-2-48x32.jpg 48w, https:\/\/novice.si\/page\/wp-content\/uploads\/2020\/02\/center-2.jpg 1000w\" sizes=\"(max-width: 630px) 100vw, 630px\" alt=\"\">\r\n                            <\/a>\r\n                            \r\n                        <\/figure>\r\n                    <\/div>\r\n                    <div class = \"td-slide-item td-item3\">\r\n                        <figure class=\"td-slide-galery-figure td-slide-popup-gallery\">\r\n                            <a class=\"slide-gallery-image-link\" href=\"https:\/\/novice.si\/page\/wp-content\/uploads\/2020\/02\/center-1.jpg\" title=\"center 1\"  data-caption=\"\"  data-description=\"\" data-gallery>\r\n                                <img decoding=\"async\" src=\"https:\/\/novice.si\/page\/wp-content\/uploads\/2020\/02\/center-1-748x420.jpg\" srcset=\"https:\/\/novice.si\/page\/wp-content\/uploads\/2020\/02\/center-1-748x420.jpg 748w, https:\/\/novice.si\/page\/wp-content\/uploads\/2020\/02\/center-1-300x168.jpg 300w, https:\/\/novice.si\/page\/wp-content\/uploads\/2020\/02\/center-1-1024x575.jpg 1024w, https:\/\/novice.si\/page\/wp-content\/uploads\/2020\/02\/center-1-768x431.jpg 768w, https:\/\/novice.si\/page\/wp-content\/uploads\/2020\/02\/center-1-696x391.jpg 696w, https:\/\/novice.si\/page\/wp-content\/uploads\/2020\/02\/center-1-1068x599.jpg 1068w, https:\/\/novice.si\/page\/wp-content\/uploads\/2020\/02\/center-1-24x13.jpg 24w, https:\/\/novice.si\/page\/wp-content\/uploads\/2020\/02\/center-1-36x20.jpg 36w, https:\/\/novice.si\/page\/wp-content\/uploads\/2020\/02\/center-1-48x27.jpg 48w, https:\/\/novice.si\/page\/wp-content\/uploads\/2020\/02\/center-1.jpg 1160w\" sizes=\"(max-width: 748px) 100vw, 748px\" alt=\"\">\r\n                            <\/a>\r\n                            \r\n                        <\/figure>\r\n                    <\/div>\r\n                    <div class = \"td-slide-item td-item4\">\r\n                        <figure class=\"td-slide-galery-figure td-slide-popup-gallery\">\r\n                            <a class=\"slide-gallery-image-link\" href=\"https:\/\/novice.si\/page\/wp-content\/uploads\/2020\/02\/center-4.jpg\" title=\"center 4\"  data-caption=\"\"  data-description=\"\" data-gallery>\r\n                                <img decoding=\"async\" src=\"https:\/\/novice.si\/page\/wp-content\/uploads\/2020\/02\/center-4-747x420.jpg\" srcset=\"https:\/\/novice.si\/page\/wp-content\/uploads\/2020\/02\/center-4-747x420.jpg 747w, https:\/\/novice.si\/page\/wp-content\/uploads\/2020\/02\/center-4-300x169.jpg 300w, https:\/\/novice.si\/page\/wp-content\/uploads\/2020\/02\/center-4-1024x575.jpg 1024w, https:\/\/novice.si\/page\/wp-content\/uploads\/2020\/02\/center-4-768x432.jpg 768w, https:\/\/novice.si\/page\/wp-content\/uploads\/2020\/02\/center-4-696x391.jpg 696w, https:\/\/novice.si\/page\/wp-content\/uploads\/2020\/02\/center-4-1068x600.jpg 1068w, https:\/\/novice.si\/page\/wp-content\/uploads\/2020\/02\/center-4-24x13.jpg 24w, https:\/\/novice.si\/page\/wp-content\/uploads\/2020\/02\/center-4-36x20.jpg 36w, https:\/\/novice.si\/page\/wp-content\/uploads\/2020\/02\/center-4-48x27.jpg 48w, https:\/\/novice.si\/page\/wp-content\/uploads\/2020\/02\/center-4.jpg 1500w\" sizes=\"(max-width: 747px) 100vw, 747px\" alt=\"\">\r\n                            <\/a>\r\n                            \r\n                        <\/figure>\r\n                    <\/div>\r\n                    <div class = \"td-slide-item td-item5\">\r\n                        <figure class=\"td-slide-galery-figure td-slide-popup-gallery\">\r\n                            <a class=\"slide-gallery-image-link\" href=\"https:\/\/novice.si\/page\/wp-content\/uploads\/2020\/02\/center-3.jpg\" title=\"center 3\"  data-caption=\"\"  data-description=\"\" data-gallery>\r\n                                <img decoding=\"async\" src=\"https:\/\/novice.si\/page\/wp-content\/uploads\/2020\/02\/center-3-700x420.jpg\" srcset=\"https:\/\/novice.si\/page\/wp-content\/uploads\/2020\/02\/center-3-700x420.jpg 700w, https:\/\/novice.si\/page\/wp-content\/uploads\/2020\/02\/center-3-300x180.jpg 300w, https:\/\/novice.si\/page\/wp-content\/uploads\/2020\/02\/center-3-768x461.jpg 768w, https:\/\/novice.si\/page\/wp-content\/uploads\/2020\/02\/center-3-696x418.jpg 696w, https:\/\/novice.si\/page\/wp-content\/uploads\/2020\/02\/center-3-24x14.jpg 24w, https:\/\/novice.si\/page\/wp-content\/uploads\/2020\/02\/center-3-36x22.jpg 36w, https:\/\/novice.si\/page\/wp-content\/uploads\/2020\/02\/center-3-48x29.jpg 48w, https:\/\/novice.si\/page\/wp-content\/uploads\/2020\/02\/center-3.jpg 1000w\" sizes=\"(max-width: 700px) 100vw, 700px\" alt=\"\">\r\n                            <\/a>\r\n                            \r\n                        <\/figure>\r\n                    <\/div>\r\n                            <\/div>\r\n                        <\/div>\r\n\r\n                        <div class = \"td-doubleSlider-2\">\r\n                            <div class = \"td-slider\">\r\n                                \r\n                    <div class = \"td-button td-item1\">\r\n                        <div class = \"td-border\"><\/div>\r\n                    <\/div>\r\n                    <div class = \"td-button td-item2\">\r\n                        <div class = \"td-border\"><\/div>\r\n                    <\/div>\r\n                    <div class = \"td-button td-item3\">\r\n                        <div class = \"td-border\"><\/div>\r\n                    <\/div>\r\n                    <div class = \"td-button td-item4\">\r\n                        <div class = \"td-border\"><\/div>\r\n                    <\/div>\r\n                    <div class = \"td-button td-item5\">\r\n                        <div class = \"td-border\"><\/div>\r\n                    <\/div>\r\n                            <\/div>\r\n                        <\/div>\r\n\r\n                    <\/div>\r\n\r\n                <\/div>\r\n                \n","protected":false},"excerpt":{"rendered":"<p>Spor med prej\u0161njo ekipo Kulturnega centra evropskih vesoljskih tehnologij (KSEVT) in zdaj\u0161njega Centra Noordung v Vitanju \u0161e vedno ni razre\u0161en. Na zahtevo prej\u0161njega direktorja in soustanovitelja KSEVT-a Mihe Tur\u0161i\u010da so iz centra umaknili vse razstavne eksponate, za katere Tur\u0161i\u010d trdi, da so lastnina ustanoviteljev KSEVT-a, gospodarsko ministrstvi pa trdi, da dokumentov, ki bi dokazovali zasebno [&hellip;]<\/p>\n","protected":false},"author":12,"featured_media":121396,"comment_status":"closed","ping_status":"closed","sticky":false,"template":"","format":"standard","meta":{"footnotes":""},"categories":[16],"tags":[3543,7807,1355,2375,7900],"class_list":{"0":"post-121384","1":"post","2":"type-post","3":"status-publish","4":"format-standard","5":"has-post-thumbnail","7":"category-konjisko","8":"tag-center-noordung","9":"tag-dr-dominik-kobold","10":"tag-ksevt","11":"tag-miha-tursic","12":"tag-spor"},"yoast_head":"<!-- This site is optimized with the Yoast SEO plugin v27.4 - https:\/\/yoast.com\/product\/yoast-seo-wordpress\/ -->\n<title>Vitanje: Spor med KSEVT-om in Centrom Noordung \u0161e ni re\u0161en - Novice.si<\/title>\n<meta name=\"robots\" content=\"index, follow, max-snippet:-1, max-image-preview:large, max-video-preview:-1\" \/>\n<link rel=\"canonical\" href=\"https:\/\/novice.si\/page\/vitanje-spor-med-ksevt-om-in-centrom-noordung-se-ni-resen\/\" \/>\n<meta property=\"og:locale\" content=\"sl_SI\" \/>\n<meta property=\"og:type\" content=\"article\" \/>\n<meta property=\"og:title\" content=\"Vitanje: Spor med KSEVT-om in Centrom Noordung \u0161e ni re\u0161en - Novice.si\" \/>\n<meta property=\"og:description\" content=\"Spor med prej\u0161njo ekipo Kulturnega centra evropskih vesoljskih tehnologij (KSEVT) in zdaj\u0161njega Centra Noordung v Vitanju \u0161e vedno ni razre\u0161en. Na zahtevo prej\u0161njega direktorja in soustanovitelja KSEVT-a Mihe Tur\u0161i\u010da so iz centra umaknili vse razstavne eksponate, za katere Tur\u0161i\u010d trdi, da so lastnina ustanoviteljev KSEVT-a, gospodarsko ministrstvi pa trdi, da dokumentov, ki bi dokazovali zasebno [&hellip;]\" \/>\n<meta property=\"og:url\" content=\"https:\/\/novice.si\/page\/vitanje-spor-med-ksevt-om-in-centrom-noordung-se-ni-resen\/\" \/>\n<meta property=\"og:site_name\" content=\"Novice.si\" \/>\n<meta property=\"article:published_time\" content=\"2020-02-11T16:14:18+00:00\" \/>\n<meta property=\"og:image\" content=\"https:\/\/novice.si\/page\/wp-content\/uploads\/2020\/02\/center-3.jpg\" \/>\n\t<meta property=\"og:image:width\" content=\"1000\" \/>\n\t<meta property=\"og:image:height\" content=\"600\" \/>\n\t<meta property=\"og:image:type\" content=\"image\/jpeg\" \/>\n<meta name=\"author\" content=\"Uredni\u0161tvo Celjana\" \/>\n<meta name=\"twitter:card\" content=\"summary_large_image\" \/>\n<meta name=\"twitter:label1\" content=\"Written by\" \/>\n\t<meta name=\"twitter:data1\" content=\"Uredni\u0161tvo Celjana\" \/>\n\t<meta name=\"twitter:label2\" content=\"Est. reading time\" \/>\n\t<meta name=\"twitter:data2\" content=\"2 minuti\" \/>\n<script type=\"application\/ld+json\" class=\"yoast-schema-graph\">{\"@context\":\"https:\\\/\\\/schema.org\",\"@graph\":[{\"@type\":\"Article\",\"@id\":\"https:\\\/\\\/novice.si\\\/page\\\/vitanje-spor-med-ksevt-om-in-centrom-noordung-se-ni-resen\\\/#article\",\"isPartOf\":{\"@id\":\"https:\\\/\\\/novice.si\\\/page\\\/vitanje-spor-med-ksevt-om-in-centrom-noordung-se-ni-resen\\\/\"},\"author\":{\"name\":\"Uredni\u0161tvo Celjana\",\"@id\":\"https:\\\/\\\/novice.si\\\/page\\\/#\\\/schema\\\/person\\\/51903923b50fefb075bc1cd24fe4d065\"},\"headline\":\"Vitanje: Spor med KSEVT-om in Centrom Noordung \u0161e ni re\u0161en\",\"datePublished\":\"2020-02-11T16:14:18+00:00\",\"mainEntityOfPage\":{\"@id\":\"https:\\\/\\\/novice.si\\\/page\\\/vitanje-spor-med-ksevt-om-in-centrom-noordung-se-ni-resen\\\/\"},\"wordCount\":325,\"publisher\":{\"@id\":\"https:\\\/\\\/novice.si\\\/page\\\/#organization\"},\"image\":{\"@id\":\"https:\\\/\\\/novice.si\\\/page\\\/vitanje-spor-med-ksevt-om-in-centrom-noordung-se-ni-resen\\\/#primaryimage\"},\"thumbnailUrl\":\"https:\\\/\\\/novice.si\\\/page\\\/wp-content\\\/uploads\\\/2020\\\/02\\\/center-3.jpg\",\"keywords\":[\"Center Noordung\",\"dr dominik kobold\",\"KSEVT\",\"Miha Tur\u0161i\u010d\",\"spor\"],\"articleSection\":[\"Konji\u0161ko\"],\"inLanguage\":\"sl-SI\"},{\"@type\":\"WebPage\",\"@id\":\"https:\\\/\\\/novice.si\\\/page\\\/vitanje-spor-med-ksevt-om-in-centrom-noordung-se-ni-resen\\\/\",\"url\":\"https:\\\/\\\/novice.si\\\/page\\\/vitanje-spor-med-ksevt-om-in-centrom-noordung-se-ni-resen\\\/\",\"name\":\"Vitanje: Spor med KSEVT-om in Centrom Noordung \u0161e ni re\u0161en - Novice.si\",\"isPartOf\":{\"@id\":\"https:\\\/\\\/novice.si\\\/page\\\/#website\"},\"primaryImageOfPage\":{\"@id\":\"https:\\\/\\\/novice.si\\\/page\\\/vitanje-spor-med-ksevt-om-in-centrom-noordung-se-ni-resen\\\/#primaryimage\"},\"image\":{\"@id\":\"https:\\\/\\\/novice.si\\\/page\\\/vitanje-spor-med-ksevt-om-in-centrom-noordung-se-ni-resen\\\/#primaryimage\"},\"thumbnailUrl\":\"https:\\\/\\\/novice.si\\\/page\\\/wp-content\\\/uploads\\\/2020\\\/02\\\/center-3.jpg\",\"datePublished\":\"2020-02-11T16:14:18+00:00\",\"breadcrumb\":{\"@id\":\"https:\\\/\\\/novice.si\\\/page\\\/vitanje-spor-med-ksevt-om-in-centrom-noordung-se-ni-resen\\\/#breadcrumb\"},\"inLanguage\":\"sl-SI\",\"potentialAction\":[{\"@type\":\"ReadAction\",\"target\":[\"https:\\\/\\\/novice.si\\\/page\\\/vitanje-spor-med-ksevt-om-in-centrom-noordung-se-ni-resen\\\/\"]}]},{\"@type\":\"ImageObject\",\"inLanguage\":\"sl-SI\",\"@id\":\"https:\\\/\\\/novice.si\\\/page\\\/vitanje-spor-med-ksevt-om-in-centrom-noordung-se-ni-resen\\\/#primaryimage\",\"url\":\"https:\\\/\\\/novice.si\\\/page\\\/wp-content\\\/uploads\\\/2020\\\/02\\\/center-3.jpg\",\"contentUrl\":\"https:\\\/\\\/novice.si\\\/page\\\/wp-content\\\/uploads\\\/2020\\\/02\\\/center-3.jpg\",\"width\":1000,\"height\":600},{\"@type\":\"BreadcrumbList\",\"@id\":\"https:\\\/\\\/novice.si\\\/page\\\/vitanje-spor-med-ksevt-om-in-centrom-noordung-se-ni-resen\\\/#breadcrumb\",\"itemListElement\":[{\"@type\":\"ListItem\",\"position\":1,\"name\":\"Home\",\"item\":\"https:\\\/\\\/novice.si\\\/page\\\/\"},{\"@type\":\"ListItem\",\"position\":2,\"name\":\"Vitanje: Spor med KSEVT-om in Centrom Noordung \u0161e ni re\u0161en\"}]},{\"@type\":\"WebSite\",\"@id\":\"https:\\\/\\\/novice.si\\\/page\\\/#website\",\"url\":\"https:\\\/\\\/novice.si\\\/page\\\/\",\"name\":\"Novice.si\",\"description\":\"\",\"publisher\":{\"@id\":\"https:\\\/\\\/novice.si\\\/page\\\/#organization\"},\"potentialAction\":[{\"@type\":\"SearchAction\",\"target\":{\"@type\":\"EntryPoint\",\"urlTemplate\":\"https:\\\/\\\/novice.si\\\/page\\\/?s={search_term_string}\"},\"query-input\":{\"@type\":\"PropertyValueSpecification\",\"valueRequired\":true,\"valueName\":\"search_term_string\"}}],\"inLanguage\":\"sl-SI\"},{\"@type\":\"Organization\",\"@id\":\"https:\\\/\\\/novice.si\\\/page\\\/#organization\",\"name\":\"Novice.si\",\"url\":\"https:\\\/\\\/novice.si\\\/page\\\/\",\"logo\":{\"@type\":\"ImageObject\",\"inLanguage\":\"sl-SI\",\"@id\":\"https:\\\/\\\/novice.si\\\/page\\\/#\\\/schema\\\/logo\\\/image\\\/\",\"url\":\"https:\\\/\\\/novice.si\\\/page\\\/wp-content\\\/uploads\\\/2023\\\/03\\\/novice_si.png\",\"contentUrl\":\"https:\\\/\\\/novice.si\\\/page\\\/wp-content\\\/uploads\\\/2023\\\/03\\\/novice_si.png\",\"width\":576,\"height\":200,\"caption\":\"Novice.si\"},\"image\":{\"@id\":\"https:\\\/\\\/novice.si\\\/page\\\/#\\\/schema\\\/logo\\\/image\\\/\"}},{\"@type\":\"Person\",\"@id\":\"https:\\\/\\\/novice.si\\\/page\\\/#\\\/schema\\\/person\\\/51903923b50fefb075bc1cd24fe4d065\",\"name\":\"Uredni\u0161tvo Celjana\",\"image\":{\"@type\":\"ImageObject\",\"inLanguage\":\"sl-SI\",\"@id\":\"https:\\\/\\\/secure.gravatar.com\\\/avatar\\\/b516f102aa90b53619e09722b8ea56721c99bfcb4f1035f9b333d99f52330226?s=96&d=mm&r=g\",\"url\":\"https:\\\/\\\/secure.gravatar.com\\\/avatar\\\/b516f102aa90b53619e09722b8ea56721c99bfcb4f1035f9b333d99f52330226?s=96&d=mm&r=g\",\"contentUrl\":\"https:\\\/\\\/secure.gravatar.com\\\/avatar\\\/b516f102aa90b53619e09722b8ea56721c99bfcb4f1035f9b333d99f52330226?s=96&d=mm&r=g\",\"caption\":\"Uredni\u0161tvo Celjana\"},\"url\":\"https:\\\/\\\/novice.si\\\/page\\\/author\\\/nejc\\\/\"}]}<\/script>\n<!-- \/ Yoast SEO plugin. -->","yoast_head_json":{"title":"Vitanje: Spor med KSEVT-om in Centrom Noordung \u0161e ni re\u0161en - Novice.si","robots":{"index":"index","follow":"follow","max-snippet":"max-snippet:-1","max-image-preview":"max-image-preview:large","max-video-preview":"max-video-preview:-1"},"canonical":"https:\/\/novice.si\/page\/vitanje-spor-med-ksevt-om-in-centrom-noordung-se-ni-resen\/","og_locale":"sl_SI","og_type":"article","og_title":"Vitanje: Spor med KSEVT-om in Centrom Noordung \u0161e ni re\u0161en - Novice.si","og_description":"Spor med prej\u0161njo ekipo Kulturnega centra evropskih vesoljskih tehnologij (KSEVT) in zdaj\u0161njega Centra Noordung v Vitanju \u0161e vedno ni razre\u0161en. Na zahtevo prej\u0161njega direktorja in soustanovitelja KSEVT-a Mihe Tur\u0161i\u010da so iz centra umaknili vse razstavne eksponate, za katere Tur\u0161i\u010d trdi, da so lastnina ustanoviteljev KSEVT-a, gospodarsko ministrstvi pa trdi, da dokumentov, ki bi dokazovali zasebno [&hellip;]","og_url":"https:\/\/novice.si\/page\/vitanje-spor-med-ksevt-om-in-centrom-noordung-se-ni-resen\/","og_site_name":"Novice.si","article_published_time":"2020-02-11T16:14:18+00:00","og_image":[{"width":1000,"height":600,"url":"https:\/\/novice.si\/page\/wp-content\/uploads\/2020\/02\/center-3.jpg","type":"image\/jpeg"}],"author":"Uredni\u0161tvo Celjana","twitter_card":"summary_large_image","twitter_misc":{"Written by":"Uredni\u0161tvo Celjana","Est. reading time":"2 minuti"},"schema":{"@context":"https:\/\/schema.org","@graph":[{"@type":"Article","@id":"https:\/\/novice.si\/page\/vitanje-spor-med-ksevt-om-in-centrom-noordung-se-ni-resen\/#article","isPartOf":{"@id":"https:\/\/novice.si\/page\/vitanje-spor-med-ksevt-om-in-centrom-noordung-se-ni-resen\/"},"author":{"name":"Uredni\u0161tvo Celjana","@id":"https:\/\/novice.si\/page\/#\/schema\/person\/51903923b50fefb075bc1cd24fe4d065"},"headline":"Vitanje: Spor med KSEVT-om in Centrom Noordung \u0161e ni re\u0161en","datePublished":"2020-02-11T16:14:18+00:00","mainEntityOfPage":{"@id":"https:\/\/novice.si\/page\/vitanje-spor-med-ksevt-om-in-centrom-noordung-se-ni-resen\/"},"wordCount":325,"publisher":{"@id":"https:\/\/novice.si\/page\/#organization"},"image":{"@id":"https:\/\/novice.si\/page\/vitanje-spor-med-ksevt-om-in-centrom-noordung-se-ni-resen\/#primaryimage"},"thumbnailUrl":"https:\/\/novice.si\/page\/wp-content\/uploads\/2020\/02\/center-3.jpg","keywords":["Center Noordung","dr dominik kobold","KSEVT","Miha Tur\u0161i\u010d","spor"],"articleSection":["Konji\u0161ko"],"inLanguage":"sl-SI"},{"@type":"WebPage","@id":"https:\/\/novice.si\/page\/vitanje-spor-med-ksevt-om-in-centrom-noordung-se-ni-resen\/","url":"https:\/\/novice.si\/page\/vitanje-spor-med-ksevt-om-in-centrom-noordung-se-ni-resen\/","name":"Vitanje: Spor med KSEVT-om in Centrom Noordung \u0161e ni re\u0161en - Novice.si","isPartOf":{"@id":"https:\/\/novice.si\/page\/#website"},"primaryImageOfPage":{"@id":"https:\/\/novice.si\/page\/vitanje-spor-med-ksevt-om-in-centrom-noordung-se-ni-resen\/#primaryimage"},"image":{"@id":"https:\/\/novice.si\/page\/vitanje-spor-med-ksevt-om-in-centrom-noordung-se-ni-resen\/#primaryimage"},"thumbnailUrl":"https:\/\/novice.si\/page\/wp-content\/uploads\/2020\/02\/center-3.jpg","datePublished":"2020-02-11T16:14:18+00:00","breadcrumb":{"@id":"https:\/\/novice.si\/page\/vitanje-spor-med-ksevt-om-in-centrom-noordung-se-ni-resen\/#breadcrumb"},"inLanguage":"sl-SI","potentialAction":[{"@type":"ReadAction","target":["https:\/\/novice.si\/page\/vitanje-spor-med-ksevt-om-in-centrom-noordung-se-ni-resen\/"]}]},{"@type":"ImageObject","inLanguage":"sl-SI","@id":"https:\/\/novice.si\/page\/vitanje-spor-med-ksevt-om-in-centrom-noordung-se-ni-resen\/#primaryimage","url":"https:\/\/novice.si\/page\/wp-content\/uploads\/2020\/02\/center-3.jpg","contentUrl":"https:\/\/novice.si\/page\/wp-content\/uploads\/2020\/02\/center-3.jpg","width":1000,"height":600},{"@type":"BreadcrumbList","@id":"https:\/\/novice.si\/page\/vitanje-spor-med-ksevt-om-in-centrom-noordung-se-ni-resen\/#breadcrumb","itemListElement":[{"@type":"ListItem","position":1,"name":"Home","item":"https:\/\/novice.si\/page\/"},{"@type":"ListItem","position":2,"name":"Vitanje: Spor med KSEVT-om in Centrom Noordung \u0161e ni re\u0161en"}]},{"@type":"WebSite","@id":"https:\/\/novice.si\/page\/#website","url":"https:\/\/novice.si\/page\/","name":"Novice.si","description":"","publisher":{"@id":"https:\/\/novice.si\/page\/#organization"},"potentialAction":[{"@type":"SearchAction","target":{"@type":"EntryPoint","urlTemplate":"https:\/\/novice.si\/page\/?s={search_term_string}"},"query-input":{"@type":"PropertyValueSpecification","valueRequired":true,"valueName":"search_term_string"}}],"inLanguage":"sl-SI"},{"@type":"Organization","@id":"https:\/\/novice.si\/page\/#organization","name":"Novice.si","url":"https:\/\/novice.si\/page\/","logo":{"@type":"ImageObject","inLanguage":"sl-SI","@id":"https:\/\/novice.si\/page\/#\/schema\/logo\/image\/","url":"https:\/\/novice.si\/page\/wp-content\/uploads\/2023\/03\/novice_si.png","contentUrl":"https:\/\/novice.si\/page\/wp-content\/uploads\/2023\/03\/novice_si.png","width":576,"height":200,"caption":"Novice.si"},"image":{"@id":"https:\/\/novice.si\/page\/#\/schema\/logo\/image\/"}},{"@type":"Person","@id":"https:\/\/novice.si\/page\/#\/schema\/person\/51903923b50fefb075bc1cd24fe4d065","name":"Uredni\u0161tvo Celjana","image":{"@type":"ImageObject","inLanguage":"sl-SI","@id":"https:\/\/secure.gravatar.com\/avatar\/b516f102aa90b53619e09722b8ea56721c99bfcb4f1035f9b333d99f52330226?s=96&d=mm&r=g","url":"https:\/\/secure.gravatar.com\/avatar\/b516f102aa90b53619e09722b8ea56721c99bfcb4f1035f9b333d99f52330226?s=96&d=mm&r=g","contentUrl":"https:\/\/secure.gravatar.com\/avatar\/b516f102aa90b53619e09722b8ea56721c99bfcb4f1035f9b333d99f52330226?s=96&d=mm&r=g","caption":"Uredni\u0161tvo Celjana"},"url":"https:\/\/novice.si\/page\/author\/nejc\/"}]}},"_links":{"self":[{"href":"https:\/\/novice.si\/page\/wp-json\/wp\/v2\/posts\/121384","targetHints":{"allow":["GET"]}}],"collection":[{"href":"https:\/\/novice.si\/page\/wp-json\/wp\/v2\/posts"}],"about":[{"href":"https:\/\/novice.si\/page\/wp-json\/wp\/v2\/types\/post"}],"author":[{"embeddable":true,"href":"https:\/\/novice.si\/page\/wp-json\/wp\/v2\/users\/12"}],"replies":[{"embeddable":true,"href":"https:\/\/novice.si\/page\/wp-json\/wp\/v2\/comments?post=121384"}],"version-history":[{"count":0,"href":"https:\/\/novice.si\/page\/wp-json\/wp\/v2\/posts\/121384\/revisions"}],"wp:featuredmedia":[{"embeddable":true,"href":"https:\/\/novice.si\/page\/wp-json\/wp\/v2\/media\/121396"}],"wp:attachment":[{"href":"https:\/\/novice.si\/page\/wp-json\/wp\/v2\/media?parent=121384"}],"wp:term":[{"taxonomy":"category","embeddable":true,"href":"https:\/\/novice.si\/page\/wp-json\/wp\/v2\/categories?post=121384"},{"taxonomy":"post_tag","embeddable":true,"href":"https:\/\/novice.si\/page\/wp-json\/wp\/v2\/tags?post=121384"}],"curies":[{"name":"wp","href":"https:\/\/api.w.org\/{rel}","templated":true}]}}