{"id":111660,"date":"2019-09-09T12:50:55","date_gmt":"2019-09-09T10:50:55","guid":{"rendered":"https:\/\/novice.si\/page\/?p=111660"},"modified":"2019-09-10T08:22:08","modified_gmt":"2019-09-10T06:22:08","slug":"trije-oplotniski-slikarji-nagrajeni-v-piranu","status":"publish","type":"post","link":"https:\/\/novice.si\/page\/trije-oplotniski-slikarji-nagrajeni-v-piranu\/","title":{"rendered":"Trije oplotni\u0161ki slikarji nagrajeni v Piranu"},"content":{"rendered":"<p><strong>Tudi trije oplotni\u0161ki slikarji so bili zelo uspe\u0161ni na 54. mednarodnem slikarskem ex-temporu v Piranu.\u00a0<\/strong><\/p>\n<p>Med 20 nagrajenci, ki so jih izbrali izmed 203 sodelujo\u010dih, so bili kar trije oplotni\u0161ki slikarji: <strong>Tina Konec<\/strong> z delom V megli, <strong>Jani Konec<\/strong> z delom \u010cas in pot ter <strong>Suzana Marovt<\/strong> s sliko, naslovljeno Soline so zlate.<br \/>\nTina Konec je prejela nagrado za najbolj\u0161e delo na papirju, njen o\u010de Jani Konec je prejemnik t. i. posebne nagrade, Suzana Marovt pa je prejela veliko odkupno nagrado.<br \/>\nDela vseh treh bodo \u0161e do 12. decembra na ogled v Mestni galeriji Piran. (Nina Krobat)<\/p>\n\r\n                <style type=\"text\/css\">\r\n                    \r\n                    #tdi_1  .td-doubleSlider-2 .td-item1 {\r\n                        background: url(https:\/\/novice.si\/page\/wp-content\/uploads\/2019\/09\/piran-ex-tempore-80x60.jpg) 0 0 no-repeat;\r\n                    }\r\n                    #tdi_1  .td-doubleSlider-2 .td-item2 {\r\n                        background: url(https:\/\/novice.si\/page\/wp-content\/uploads\/2019\/09\/ex-tempore-3-80x60.jpg) 0 0 no-repeat;\r\n                    }\r\n                    #tdi_1  .td-doubleSlider-2 .td-item3 {\r\n                        background: url(https:\/\/novice.si\/page\/wp-content\/uploads\/2019\/09\/ex-tempore-tina-konec-80x60.jpg) 0 0 no-repeat;\r\n                    }\r\n                    #tdi_1  .td-doubleSlider-2 .td-item4 {\r\n                        background: url(https:\/\/novice.si\/page\/wp-content\/uploads\/2019\/09\/ex-tempore-1-80x60.jpg) 0 0 no-repeat;\r\n                    }\r\n                    #tdi_1  .td-doubleSlider-2 .td-item5 {\r\n                        background: url(https:\/\/novice.si\/page\/wp-content\/uploads\/2019\/09\/ex-tempore-2-80x60.jpg) 0 0 no-repeat;\r\n                    }\r\n                <\/style>\r\n\r\n                <div id=\"tdi_1\" class=\"td-gallery td-slide-on-2-columns\">\r\n                    <div class=\"post_td_gallery\">\r\n                        <div class=\"td-gallery-slide-top\">\r\n                           <div class=\"td-gallery-title\"><\/div>\r\n\r\n                            <div class=\"td-gallery-controls-wrapper\">\r\n                                <div class=\"td-gallery-slide-count\"><span class=\"td-gallery-slide-item-focus\">1<\/span> od 5<\/div>\r\n                                <div class=\"td-gallery-slide-prev-next-but\">\r\n                                    <i class = \"td-icon-left doubleSliderPrevButton\"><\/i>\r\n                                    <i class = \"td-icon-right doubleSliderNextButton\"><\/i>\r\n                                <\/div>\r\n                            <\/div>\r\n                        <\/div>\r\n\r\n                        <div class = \"td-doubleSlider-1 \">\r\n                            <div class = \"td-slider\">\r\n                                \r\n                    <div class = \"td-slide-item td-item1\">\r\n                        <figure class=\"td-slide-galery-figure td-slide-popup-gallery\">\r\n                            <a class=\"slide-gallery-image-link\" href=\"https:\/\/novice.si\/page\/wp-content\/uploads\/2019\/09\/piran-ex-tempore.jpg\" title=\"piran ex tempore\"  data-caption=\"\"  data-description=\"\" data-gallery>\r\n                                <img decoding=\"async\" src=\"https:\/\/novice.si\/page\/wp-content\/uploads\/2019\/09\/piran-ex-tempore-315x420.jpg\" srcset=\"https:\/\/novice.si\/page\/wp-content\/uploads\/2019\/09\/piran-ex-tempore-315x420.jpg 315w, https:\/\/novice.si\/page\/wp-content\/uploads\/2019\/09\/piran-ex-tempore-225x300.jpg 225w, https:\/\/novice.si\/page\/wp-content\/uploads\/2019\/09\/piran-ex-tempore-768x1024.jpg 768w, https:\/\/novice.si\/page\/wp-content\/uploads\/2019\/09\/piran-ex-tempore-696x928.jpg 696w, https:\/\/novice.si\/page\/wp-content\/uploads\/2019\/09\/piran-ex-tempore-1068x1424.jpg 1068w, https:\/\/novice.si\/page\/wp-content\/uploads\/2019\/09\/piran-ex-tempore-18x24.jpg 18w, https:\/\/novice.si\/page\/wp-content\/uploads\/2019\/09\/piran-ex-tempore-27x36.jpg 27w, https:\/\/novice.si\/page\/wp-content\/uploads\/2019\/09\/piran-ex-tempore-36x48.jpg 36w\" sizes=\"(max-width: 315px) 100vw, 315px\" alt=\"\">\r\n                            <\/a>\r\n                            \r\n                        <\/figure>\r\n                    <\/div>\r\n                    <div class = \"td-slide-item td-item2\">\r\n                        <figure class=\"td-slide-galery-figure td-slide-popup-gallery\">\r\n                            <a class=\"slide-gallery-image-link\" href=\"https:\/\/novice.si\/page\/wp-content\/uploads\/2019\/09\/ex-tempore-3.jpg\" title=\"ex tempore 3\"  data-caption=\"\"  data-description=\"\" data-gallery>\r\n                                <img decoding=\"async\" src=\"https:\/\/novice.si\/page\/wp-content\/uploads\/2019\/09\/ex-tempore-3-560x420.jpg\" srcset=\"https:\/\/novice.si\/page\/wp-content\/uploads\/2019\/09\/ex-tempore-3-560x420.jpg 560w, https:\/\/novice.si\/page\/wp-content\/uploads\/2019\/09\/ex-tempore-3-300x225.jpg 300w, https:\/\/novice.si\/page\/wp-content\/uploads\/2019\/09\/ex-tempore-3-768x576.jpg 768w, https:\/\/novice.si\/page\/wp-content\/uploads\/2019\/09\/ex-tempore-3-1024x768.jpg 1024w, https:\/\/novice.si\/page\/wp-content\/uploads\/2019\/09\/ex-tempore-3-80x60.jpg 80w, https:\/\/novice.si\/page\/wp-content\/uploads\/2019\/09\/ex-tempore-3-265x198.jpg 265w, https:\/\/novice.si\/page\/wp-content\/uploads\/2019\/09\/ex-tempore-3-696x522.jpg 696w, https:\/\/novice.si\/page\/wp-content\/uploads\/2019\/09\/ex-tempore-3-1068x801.jpg 1068w, https:\/\/novice.si\/page\/wp-content\/uploads\/2019\/09\/ex-tempore-3-24x18.jpg 24w, https:\/\/novice.si\/page\/wp-content\/uploads\/2019\/09\/ex-tempore-3-36x27.jpg 36w, https:\/\/novice.si\/page\/wp-content\/uploads\/2019\/09\/ex-tempore-3-48x36.jpg 48w\" sizes=\"(max-width: 560px) 100vw, 560px\" alt=\"\">\r\n                            <\/a>\r\n                            \r\n                        <\/figure>\r\n                    <\/div>\r\n                    <div class = \"td-slide-item td-item3\">\r\n                        <figure class=\"td-slide-galery-figure td-slide-popup-gallery\">\r\n                            <a class=\"slide-gallery-image-link\" href=\"https:\/\/novice.si\/page\/wp-content\/uploads\/2019\/09\/ex-tempore-tina-konec.jpg\" title=\"qrf\"  data-caption=\"\"  data-description=\"\" data-gallery>\r\n                                <img decoding=\"async\" src=\"https:\/\/novice.si\/page\/wp-content\/uploads\/2019\/09\/ex-tempore-tina-konec-588x420.jpg\" srcset=\"https:\/\/novice.si\/page\/wp-content\/uploads\/2019\/09\/ex-tempore-tina-konec-588x420.jpg 588w, https:\/\/novice.si\/page\/wp-content\/uploads\/2019\/09\/ex-tempore-tina-konec-300x214.jpg 300w, https:\/\/novice.si\/page\/wp-content\/uploads\/2019\/09\/ex-tempore-tina-konec-768x549.jpg 768w, https:\/\/novice.si\/page\/wp-content\/uploads\/2019\/09\/ex-tempore-tina-konec-1024x732.jpg 1024w, https:\/\/novice.si\/page\/wp-content\/uploads\/2019\/09\/ex-tempore-tina-konec-100x70.jpg 100w, https:\/\/novice.si\/page\/wp-content\/uploads\/2019\/09\/ex-tempore-tina-konec-696x497.jpg 696w, https:\/\/novice.si\/page\/wp-content\/uploads\/2019\/09\/ex-tempore-tina-konec-1068x763.jpg 1068w, https:\/\/novice.si\/page\/wp-content\/uploads\/2019\/09\/ex-tempore-tina-konec-24x17.jpg 24w, https:\/\/novice.si\/page\/wp-content\/uploads\/2019\/09\/ex-tempore-tina-konec-36x26.jpg 36w, https:\/\/novice.si\/page\/wp-content\/uploads\/2019\/09\/ex-tempore-tina-konec-48x34.jpg 48w\" sizes=\"(max-width: 588px) 100vw, 588px\" alt=\"\">\r\n                            <\/a>\r\n                            \r\n                        <\/figure>\r\n                    <\/div>\r\n                    <div class = \"td-slide-item td-item4\">\r\n                        <figure class=\"td-slide-galery-figure td-slide-popup-gallery\">\r\n                            <a class=\"slide-gallery-image-link\" href=\"https:\/\/novice.si\/page\/wp-content\/uploads\/2019\/09\/ex-tempore-1.jpg\" title=\"ex tempore 1\"  data-caption=\"\"  data-description=\"\" data-gallery>\r\n                                <img decoding=\"async\" src=\"https:\/\/novice.si\/page\/wp-content\/uploads\/2019\/09\/ex-tempore-1-560x420.jpg\" srcset=\"https:\/\/novice.si\/page\/wp-content\/uploads\/2019\/09\/ex-tempore-1-560x420.jpg 560w, https:\/\/novice.si\/page\/wp-content\/uploads\/2019\/09\/ex-tempore-1-300x225.jpg 300w, https:\/\/novice.si\/page\/wp-content\/uploads\/2019\/09\/ex-tempore-1-768x576.jpg 768w, https:\/\/novice.si\/page\/wp-content\/uploads\/2019\/09\/ex-tempore-1-1024x768.jpg 1024w, https:\/\/novice.si\/page\/wp-content\/uploads\/2019\/09\/ex-tempore-1-80x60.jpg 80w, https:\/\/novice.si\/page\/wp-content\/uploads\/2019\/09\/ex-tempore-1-265x198.jpg 265w, https:\/\/novice.si\/page\/wp-content\/uploads\/2019\/09\/ex-tempore-1-696x522.jpg 696w, https:\/\/novice.si\/page\/wp-content\/uploads\/2019\/09\/ex-tempore-1-1068x801.jpg 1068w, https:\/\/novice.si\/page\/wp-content\/uploads\/2019\/09\/ex-tempore-1-24x18.jpg 24w, https:\/\/novice.si\/page\/wp-content\/uploads\/2019\/09\/ex-tempore-1-36x27.jpg 36w, https:\/\/novice.si\/page\/wp-content\/uploads\/2019\/09\/ex-tempore-1-48x36.jpg 48w\" sizes=\"(max-width: 560px) 100vw, 560px\" alt=\"\">\r\n                            <\/a>\r\n                            \r\n                        <\/figure>\r\n                    <\/div>\r\n                    <div class = \"td-slide-item td-item5\">\r\n                        <figure class=\"td-slide-galery-figure td-slide-popup-gallery\">\r\n                            <a class=\"slide-gallery-image-link\" href=\"https:\/\/novice.si\/page\/wp-content\/uploads\/2019\/09\/ex-tempore-2.jpg\" title=\"ex tempore 2\"  data-caption=\"\"  data-description=\"\" data-gallery>\r\n                                <img decoding=\"async\" src=\"https:\/\/novice.si\/page\/wp-content\/uploads\/2019\/09\/ex-tempore-2-315x420.jpg\" srcset=\"https:\/\/novice.si\/page\/wp-content\/uploads\/2019\/09\/ex-tempore-2-315x420.jpg 315w, https:\/\/novice.si\/page\/wp-content\/uploads\/2019\/09\/ex-tempore-2-225x300.jpg 225w, https:\/\/novice.si\/page\/wp-content\/uploads\/2019\/09\/ex-tempore-2-768x1024.jpg 768w, https:\/\/novice.si\/page\/wp-content\/uploads\/2019\/09\/ex-tempore-2-696x928.jpg 696w, https:\/\/novice.si\/page\/wp-content\/uploads\/2019\/09\/ex-tempore-2-1068x1424.jpg 1068w, https:\/\/novice.si\/page\/wp-content\/uploads\/2019\/09\/ex-tempore-2-18x24.jpg 18w, https:\/\/novice.si\/page\/wp-content\/uploads\/2019\/09\/ex-tempore-2-27x36.jpg 27w, https:\/\/novice.si\/page\/wp-content\/uploads\/2019\/09\/ex-tempore-2-36x48.jpg 36w\" sizes=\"(max-width: 315px) 100vw, 315px\" alt=\"\">\r\n                            <\/a>\r\n                            \r\n                        <\/figure>\r\n                    <\/div>\r\n                            <\/div>\r\n                        <\/div>\r\n\r\n                        <div class = \"td-doubleSlider-2\">\r\n                            <div class = \"td-slider\">\r\n                                \r\n                    <div class = \"td-button td-item1\">\r\n                        <div class = \"td-border\"><\/div>\r\n                    <\/div>\r\n                    <div class = \"td-button td-item2\">\r\n                        <div class = \"td-border\"><\/div>\r\n                    <\/div>\r\n                    <div class = \"td-button td-item3\">\r\n                        <div class = \"td-border\"><\/div>\r\n                    <\/div>\r\n                    <div class = \"td-button td-item4\">\r\n                        <div class = \"td-border\"><\/div>\r\n                    <\/div>\r\n                    <div class = \"td-button td-item5\">\r\n                        <div class = \"td-border\"><\/div>\r\n                    <\/div>\r\n                            <\/div>\r\n                        <\/div>\r\n\r\n                    <\/div>\r\n\r\n                <\/div>\r\n                \n","protected":false},"excerpt":{"rendered":"<p>Tudi trije oplotni\u0161ki slikarji so bili zelo uspe\u0161ni na 54. mednarodnem slikarskem ex-temporu v Piranu.\u00a0 Med 20 nagrajenci, ki so jih izbrali izmed 203 sodelujo\u010dih, so bili kar trije oplotni\u0161ki slikarji: Tina Konec z delom V megli, Jani Konec z delom \u010cas in pot ter Suzana Marovt s sliko, naslovljeno Soline so zlate. Tina Konec [&hellip;]<\/p>\n","protected":false},"author":12,"featured_media":111664,"comment_status":"closed","ping_status":"closed","sticky":false,"template":"","format":"standard","meta":{"footnotes":""},"categories":[14,868,15,16,141],"tags":[5667,5668,4106,5457,3063],"class_list":{"0":"post-111660","1":"post","2":"type-post","3":"status-publish","4":"format-standard","5":"has-post-thumbnail","7":"category-aktualno","8":"category-casopisi","9":"category-druzabno","10":"category-konjisko","11":"category-novice","12":"tag-ex-tempore-piran","13":"tag-ex-tempore-piran-2019","14":"tag-jani-konec","15":"tag-suzana-marovt","16":"tag-tina-konec"},"yoast_head":"<!-- This site is optimized with the Yoast SEO plugin v27.4 - https:\/\/yoast.com\/product\/yoast-seo-wordpress\/ -->\n<title>Trije oplotni\u0161ki slikarji nagrajeni v Piranu - Novice.si<\/title>\n<meta name=\"robots\" content=\"index, follow, max-snippet:-1, max-image-preview:large, max-video-preview:-1\" \/>\n<link rel=\"canonical\" href=\"https:\/\/novice.si\/page\/trije-oplotniski-slikarji-nagrajeni-v-piranu\/\" \/>\n<meta property=\"og:locale\" content=\"sl_SI\" \/>\n<meta property=\"og:type\" content=\"article\" \/>\n<meta property=\"og:title\" content=\"Trije oplotni\u0161ki slikarji nagrajeni v Piranu - Novice.si\" \/>\n<meta property=\"og:description\" content=\"Tudi trije oplotni\u0161ki slikarji so bili zelo uspe\u0161ni na 54. mednarodnem slikarskem ex-temporu v Piranu.\u00a0 Med 20 nagrajenci, ki so jih izbrali izmed 203 sodelujo\u010dih, so bili kar trije oplotni\u0161ki slikarji: Tina Konec z delom V megli, Jani Konec z delom \u010cas in pot ter Suzana Marovt s sliko, naslovljeno Soline so zlate. Tina Konec [&hellip;]\" \/>\n<meta property=\"og:url\" content=\"https:\/\/novice.si\/page\/trije-oplotniski-slikarji-nagrajeni-v-piranu\/\" \/>\n<meta property=\"og:site_name\" content=\"Novice.si\" \/>\n<meta property=\"article:published_time\" content=\"2019-09-09T10:50:55+00:00\" \/>\n<meta property=\"article:modified_time\" content=\"2019-09-10T06:22:08+00:00\" \/>\n<meta property=\"og:image\" content=\"https:\/\/novice.si\/page\/wp-content\/uploads\/2019\/09\/ex-tempore-tina-konec.jpg\" \/>\n\t<meta property=\"og:image:width\" content=\"2736\" \/>\n\t<meta property=\"og:image:height\" content=\"1955\" \/>\n\t<meta property=\"og:image:type\" content=\"image\/jpeg\" \/>\n<meta name=\"author\" content=\"Uredni\u0161tvo Celjana\" \/>\n<meta name=\"twitter:card\" content=\"summary_large_image\" \/>\n<meta name=\"twitter:label1\" content=\"Written by\" \/>\n\t<meta name=\"twitter:data1\" content=\"Uredni\u0161tvo Celjana\" \/>\n\t<meta name=\"twitter:label2\" content=\"Est. reading time\" \/>\n\t<meta name=\"twitter:data2\" content=\"1 minuta\" \/>\n<script type=\"application\/ld+json\" class=\"yoast-schema-graph\">{\"@context\":\"https:\\\/\\\/schema.org\",\"@graph\":[{\"@type\":\"Article\",\"@id\":\"https:\\\/\\\/novice.si\\\/page\\\/trije-oplotniski-slikarji-nagrajeni-v-piranu\\\/#article\",\"isPartOf\":{\"@id\":\"https:\\\/\\\/novice.si\\\/page\\\/trije-oplotniski-slikarji-nagrajeni-v-piranu\\\/\"},\"author\":{\"name\":\"Uredni\u0161tvo Celjana\",\"@id\":\"https:\\\/\\\/novice.si\\\/page\\\/#\\\/schema\\\/person\\\/51903923b50fefb075bc1cd24fe4d065\"},\"headline\":\"Trije oplotni\u0161ki slikarji nagrajeni v Piranu\",\"datePublished\":\"2019-09-09T10:50:55+00:00\",\"dateModified\":\"2019-09-10T06:22:08+00:00\",\"mainEntityOfPage\":{\"@id\":\"https:\\\/\\\/novice.si\\\/page\\\/trije-oplotniski-slikarji-nagrajeni-v-piranu\\\/\"},\"wordCount\":115,\"publisher\":{\"@id\":\"https:\\\/\\\/novice.si\\\/page\\\/#organization\"},\"image\":{\"@id\":\"https:\\\/\\\/novice.si\\\/page\\\/trije-oplotniski-slikarji-nagrajeni-v-piranu\\\/#primaryimage\"},\"thumbnailUrl\":\"https:\\\/\\\/novice.si\\\/page\\\/wp-content\\\/uploads\\\/2019\\\/09\\\/ex-tempore-tina-konec.jpg\",\"keywords\":[\"ex tempore piran\",\"Ex-tempore Piran 2019\",\"Jani Konec\",\"Suzana Marovt\",\"Tina Konec\"],\"articleSection\":[\"Aktualno\",\"\u010casopisi\",\"Dru\u017eabno\",\"Konji\u0161ko\",\"Novice\"],\"inLanguage\":\"sl-SI\"},{\"@type\":\"WebPage\",\"@id\":\"https:\\\/\\\/novice.si\\\/page\\\/trije-oplotniski-slikarji-nagrajeni-v-piranu\\\/\",\"url\":\"https:\\\/\\\/novice.si\\\/page\\\/trije-oplotniski-slikarji-nagrajeni-v-piranu\\\/\",\"name\":\"Trije oplotni\u0161ki slikarji nagrajeni v Piranu - Novice.si\",\"isPartOf\":{\"@id\":\"https:\\\/\\\/novice.si\\\/page\\\/#website\"},\"primaryImageOfPage\":{\"@id\":\"https:\\\/\\\/novice.si\\\/page\\\/trije-oplotniski-slikarji-nagrajeni-v-piranu\\\/#primaryimage\"},\"image\":{\"@id\":\"https:\\\/\\\/novice.si\\\/page\\\/trije-oplotniski-slikarji-nagrajeni-v-piranu\\\/#primaryimage\"},\"thumbnailUrl\":\"https:\\\/\\\/novice.si\\\/page\\\/wp-content\\\/uploads\\\/2019\\\/09\\\/ex-tempore-tina-konec.jpg\",\"datePublished\":\"2019-09-09T10:50:55+00:00\",\"dateModified\":\"2019-09-10T06:22:08+00:00\",\"breadcrumb\":{\"@id\":\"https:\\\/\\\/novice.si\\\/page\\\/trije-oplotniski-slikarji-nagrajeni-v-piranu\\\/#breadcrumb\"},\"inLanguage\":\"sl-SI\",\"potentialAction\":[{\"@type\":\"ReadAction\",\"target\":[\"https:\\\/\\\/novice.si\\\/page\\\/trije-oplotniski-slikarji-nagrajeni-v-piranu\\\/\"]}]},{\"@type\":\"ImageObject\",\"inLanguage\":\"sl-SI\",\"@id\":\"https:\\\/\\\/novice.si\\\/page\\\/trije-oplotniski-slikarji-nagrajeni-v-piranu\\\/#primaryimage\",\"url\":\"https:\\\/\\\/novice.si\\\/page\\\/wp-content\\\/uploads\\\/2019\\\/09\\\/ex-tempore-tina-konec.jpg\",\"contentUrl\":\"https:\\\/\\\/novice.si\\\/page\\\/wp-content\\\/uploads\\\/2019\\\/09\\\/ex-tempore-tina-konec.jpg\",\"width\":2736,\"height\":1955},{\"@type\":\"BreadcrumbList\",\"@id\":\"https:\\\/\\\/novice.si\\\/page\\\/trije-oplotniski-slikarji-nagrajeni-v-piranu\\\/#breadcrumb\",\"itemListElement\":[{\"@type\":\"ListItem\",\"position\":1,\"name\":\"Home\",\"item\":\"https:\\\/\\\/novice.si\\\/page\\\/\"},{\"@type\":\"ListItem\",\"position\":2,\"name\":\"Trije oplotni\u0161ki slikarji nagrajeni v Piranu\"}]},{\"@type\":\"WebSite\",\"@id\":\"https:\\\/\\\/novice.si\\\/page\\\/#website\",\"url\":\"https:\\\/\\\/novice.si\\\/page\\\/\",\"name\":\"Novice.si\",\"description\":\"\",\"publisher\":{\"@id\":\"https:\\\/\\\/novice.si\\\/page\\\/#organization\"},\"potentialAction\":[{\"@type\":\"SearchAction\",\"target\":{\"@type\":\"EntryPoint\",\"urlTemplate\":\"https:\\\/\\\/novice.si\\\/page\\\/?s={search_term_string}\"},\"query-input\":{\"@type\":\"PropertyValueSpecification\",\"valueRequired\":true,\"valueName\":\"search_term_string\"}}],\"inLanguage\":\"sl-SI\"},{\"@type\":\"Organization\",\"@id\":\"https:\\\/\\\/novice.si\\\/page\\\/#organization\",\"name\":\"Novice.si\",\"url\":\"https:\\\/\\\/novice.si\\\/page\\\/\",\"logo\":{\"@type\":\"ImageObject\",\"inLanguage\":\"sl-SI\",\"@id\":\"https:\\\/\\\/novice.si\\\/page\\\/#\\\/schema\\\/logo\\\/image\\\/\",\"url\":\"https:\\\/\\\/novice.si\\\/page\\\/wp-content\\\/uploads\\\/2023\\\/03\\\/novice_si.png\",\"contentUrl\":\"https:\\\/\\\/novice.si\\\/page\\\/wp-content\\\/uploads\\\/2023\\\/03\\\/novice_si.png\",\"width\":576,\"height\":200,\"caption\":\"Novice.si\"},\"image\":{\"@id\":\"https:\\\/\\\/novice.si\\\/page\\\/#\\\/schema\\\/logo\\\/image\\\/\"}},{\"@type\":\"Person\",\"@id\":\"https:\\\/\\\/novice.si\\\/page\\\/#\\\/schema\\\/person\\\/51903923b50fefb075bc1cd24fe4d065\",\"name\":\"Uredni\u0161tvo Celjana\",\"image\":{\"@type\":\"ImageObject\",\"inLanguage\":\"sl-SI\",\"@id\":\"https:\\\/\\\/secure.gravatar.com\\\/avatar\\\/b516f102aa90b53619e09722b8ea56721c99bfcb4f1035f9b333d99f52330226?s=96&d=mm&r=g\",\"url\":\"https:\\\/\\\/secure.gravatar.com\\\/avatar\\\/b516f102aa90b53619e09722b8ea56721c99bfcb4f1035f9b333d99f52330226?s=96&d=mm&r=g\",\"contentUrl\":\"https:\\\/\\\/secure.gravatar.com\\\/avatar\\\/b516f102aa90b53619e09722b8ea56721c99bfcb4f1035f9b333d99f52330226?s=96&d=mm&r=g\",\"caption\":\"Uredni\u0161tvo Celjana\"},\"url\":\"https:\\\/\\\/novice.si\\\/page\\\/author\\\/nejc\\\/\"}]}<\/script>\n<!-- \/ Yoast SEO plugin. -->","yoast_head_json":{"title":"Trije oplotni\u0161ki slikarji nagrajeni v Piranu - Novice.si","robots":{"index":"index","follow":"follow","max-snippet":"max-snippet:-1","max-image-preview":"max-image-preview:large","max-video-preview":"max-video-preview:-1"},"canonical":"https:\/\/novice.si\/page\/trije-oplotniski-slikarji-nagrajeni-v-piranu\/","og_locale":"sl_SI","og_type":"article","og_title":"Trije oplotni\u0161ki slikarji nagrajeni v Piranu - Novice.si","og_description":"Tudi trije oplotni\u0161ki slikarji so bili zelo uspe\u0161ni na 54. mednarodnem slikarskem ex-temporu v Piranu.\u00a0 Med 20 nagrajenci, ki so jih izbrali izmed 203 sodelujo\u010dih, so bili kar trije oplotni\u0161ki slikarji: Tina Konec z delom V megli, Jani Konec z delom \u010cas in pot ter Suzana Marovt s sliko, naslovljeno Soline so zlate. Tina Konec [&hellip;]","og_url":"https:\/\/novice.si\/page\/trije-oplotniski-slikarji-nagrajeni-v-piranu\/","og_site_name":"Novice.si","article_published_time":"2019-09-09T10:50:55+00:00","article_modified_time":"2019-09-10T06:22:08+00:00","og_image":[{"width":2736,"height":1955,"url":"https:\/\/novice.si\/page\/wp-content\/uploads\/2019\/09\/ex-tempore-tina-konec.jpg","type":"image\/jpeg"}],"author":"Uredni\u0161tvo Celjana","twitter_card":"summary_large_image","twitter_misc":{"Written by":"Uredni\u0161tvo Celjana","Est. reading time":"1 minuta"},"schema":{"@context":"https:\/\/schema.org","@graph":[{"@type":"Article","@id":"https:\/\/novice.si\/page\/trije-oplotniski-slikarji-nagrajeni-v-piranu\/#article","isPartOf":{"@id":"https:\/\/novice.si\/page\/trije-oplotniski-slikarji-nagrajeni-v-piranu\/"},"author":{"name":"Uredni\u0161tvo Celjana","@id":"https:\/\/novice.si\/page\/#\/schema\/person\/51903923b50fefb075bc1cd24fe4d065"},"headline":"Trije oplotni\u0161ki slikarji nagrajeni v Piranu","datePublished":"2019-09-09T10:50:55+00:00","dateModified":"2019-09-10T06:22:08+00:00","mainEntityOfPage":{"@id":"https:\/\/novice.si\/page\/trije-oplotniski-slikarji-nagrajeni-v-piranu\/"},"wordCount":115,"publisher":{"@id":"https:\/\/novice.si\/page\/#organization"},"image":{"@id":"https:\/\/novice.si\/page\/trije-oplotniski-slikarji-nagrajeni-v-piranu\/#primaryimage"},"thumbnailUrl":"https:\/\/novice.si\/page\/wp-content\/uploads\/2019\/09\/ex-tempore-tina-konec.jpg","keywords":["ex tempore piran","Ex-tempore Piran 2019","Jani Konec","Suzana Marovt","Tina Konec"],"articleSection":["Aktualno","\u010casopisi","Dru\u017eabno","Konji\u0161ko","Novice"],"inLanguage":"sl-SI"},{"@type":"WebPage","@id":"https:\/\/novice.si\/page\/trije-oplotniski-slikarji-nagrajeni-v-piranu\/","url":"https:\/\/novice.si\/page\/trije-oplotniski-slikarji-nagrajeni-v-piranu\/","name":"Trije oplotni\u0161ki slikarji nagrajeni v Piranu - Novice.si","isPartOf":{"@id":"https:\/\/novice.si\/page\/#website"},"primaryImageOfPage":{"@id":"https:\/\/novice.si\/page\/trije-oplotniski-slikarji-nagrajeni-v-piranu\/#primaryimage"},"image":{"@id":"https:\/\/novice.si\/page\/trije-oplotniski-slikarji-nagrajeni-v-piranu\/#primaryimage"},"thumbnailUrl":"https:\/\/novice.si\/page\/wp-content\/uploads\/2019\/09\/ex-tempore-tina-konec.jpg","datePublished":"2019-09-09T10:50:55+00:00","dateModified":"2019-09-10T06:22:08+00:00","breadcrumb":{"@id":"https:\/\/novice.si\/page\/trije-oplotniski-slikarji-nagrajeni-v-piranu\/#breadcrumb"},"inLanguage":"sl-SI","potentialAction":[{"@type":"ReadAction","target":["https:\/\/novice.si\/page\/trije-oplotniski-slikarji-nagrajeni-v-piranu\/"]}]},{"@type":"ImageObject","inLanguage":"sl-SI","@id":"https:\/\/novice.si\/page\/trije-oplotniski-slikarji-nagrajeni-v-piranu\/#primaryimage","url":"https:\/\/novice.si\/page\/wp-content\/uploads\/2019\/09\/ex-tempore-tina-konec.jpg","contentUrl":"https:\/\/novice.si\/page\/wp-content\/uploads\/2019\/09\/ex-tempore-tina-konec.jpg","width":2736,"height":1955},{"@type":"BreadcrumbList","@id":"https:\/\/novice.si\/page\/trije-oplotniski-slikarji-nagrajeni-v-piranu\/#breadcrumb","itemListElement":[{"@type":"ListItem","position":1,"name":"Home","item":"https:\/\/novice.si\/page\/"},{"@type":"ListItem","position":2,"name":"Trije oplotni\u0161ki slikarji nagrajeni v Piranu"}]},{"@type":"WebSite","@id":"https:\/\/novice.si\/page\/#website","url":"https:\/\/novice.si\/page\/","name":"Novice.si","description":"","publisher":{"@id":"https:\/\/novice.si\/page\/#organization"},"potentialAction":[{"@type":"SearchAction","target":{"@type":"EntryPoint","urlTemplate":"https:\/\/novice.si\/page\/?s={search_term_string}"},"query-input":{"@type":"PropertyValueSpecification","valueRequired":true,"valueName":"search_term_string"}}],"inLanguage":"sl-SI"},{"@type":"Organization","@id":"https:\/\/novice.si\/page\/#organization","name":"Novice.si","url":"https:\/\/novice.si\/page\/","logo":{"@type":"ImageObject","inLanguage":"sl-SI","@id":"https:\/\/novice.si\/page\/#\/schema\/logo\/image\/","url":"https:\/\/novice.si\/page\/wp-content\/uploads\/2023\/03\/novice_si.png","contentUrl":"https:\/\/novice.si\/page\/wp-content\/uploads\/2023\/03\/novice_si.png","width":576,"height":200,"caption":"Novice.si"},"image":{"@id":"https:\/\/novice.si\/page\/#\/schema\/logo\/image\/"}},{"@type":"Person","@id":"https:\/\/novice.si\/page\/#\/schema\/person\/51903923b50fefb075bc1cd24fe4d065","name":"Uredni\u0161tvo Celjana","image":{"@type":"ImageObject","inLanguage":"sl-SI","@id":"https:\/\/secure.gravatar.com\/avatar\/b516f102aa90b53619e09722b8ea56721c99bfcb4f1035f9b333d99f52330226?s=96&d=mm&r=g","url":"https:\/\/secure.gravatar.com\/avatar\/b516f102aa90b53619e09722b8ea56721c99bfcb4f1035f9b333d99f52330226?s=96&d=mm&r=g","contentUrl":"https:\/\/secure.gravatar.com\/avatar\/b516f102aa90b53619e09722b8ea56721c99bfcb4f1035f9b333d99f52330226?s=96&d=mm&r=g","caption":"Uredni\u0161tvo Celjana"},"url":"https:\/\/novice.si\/page\/author\/nejc\/"}]}},"_links":{"self":[{"href":"https:\/\/novice.si\/page\/wp-json\/wp\/v2\/posts\/111660","targetHints":{"allow":["GET"]}}],"collection":[{"href":"https:\/\/novice.si\/page\/wp-json\/wp\/v2\/posts"}],"about":[{"href":"https:\/\/novice.si\/page\/wp-json\/wp\/v2\/types\/post"}],"author":[{"embeddable":true,"href":"https:\/\/novice.si\/page\/wp-json\/wp\/v2\/users\/12"}],"replies":[{"embeddable":true,"href":"https:\/\/novice.si\/page\/wp-json\/wp\/v2\/comments?post=111660"}],"version-history":[{"count":0,"href":"https:\/\/novice.si\/page\/wp-json\/wp\/v2\/posts\/111660\/revisions"}],"wp:featuredmedia":[{"embeddable":true,"href":"https:\/\/novice.si\/page\/wp-json\/wp\/v2\/media\/111664"}],"wp:attachment":[{"href":"https:\/\/novice.si\/page\/wp-json\/wp\/v2\/media?parent=111660"}],"wp:term":[{"taxonomy":"category","embeddable":true,"href":"https:\/\/novice.si\/page\/wp-json\/wp\/v2\/categories?post=111660"},{"taxonomy":"post_tag","embeddable":true,"href":"https:\/\/novice.si\/page\/wp-json\/wp\/v2\/tags?post=111660"}],"curies":[{"name":"wp","href":"https:\/\/api.w.org\/{rel}","templated":true}]}}