{"id":105933,"date":"2019-05-29T08:04:56","date_gmt":"2019-05-29T06:04:56","guid":{"rendered":"https:\/\/novice.si\/page\/?p=105933"},"modified":"2019-05-29T08:05:42","modified_gmt":"2019-05-29T06:05:42","slug":"ze-letos-varnejsi-in-pocasnejsi-vstop-v-loce","status":"publish","type":"post","link":"https:\/\/novice.si\/page\/ze-letos-varnejsi-in-pocasnejsi-vstop-v-loce\/","title":{"rendered":"\u017de letos varnej\u0161i in po\u010dasnej\u0161i vstop v Lo\u010de"},"content":{"rendered":"<p><a href=\"https:\/\/novice.si\/page\/wp-content\/uploads\/2019\/05\/cesta-vstop-v-Loce_resize.jpg\" data-gallery><img loading=\"lazy\" decoding=\"async\" class=\"size-medium wp-image-105934 alignleft\" src=\"https:\/\/novice.si\/page\/wp-content\/uploads\/2019\/05\/cesta-vstop-v-Loce_resize-300x148.jpg\" alt=\"\" width=\"300\" height=\"148\" srcset=\"https:\/\/novice.si\/page\/wp-content\/uploads\/2019\/05\/cesta-vstop-v-Loce_resize-300x148.jpg 300w, https:\/\/novice.si\/page\/wp-content\/uploads\/2019\/05\/cesta-vstop-v-Loce_resize-768x378.jpg 768w, https:\/\/novice.si\/page\/wp-content\/uploads\/2019\/05\/cesta-vstop-v-Loce_resize-324x160.jpg 324w, https:\/\/novice.si\/page\/wp-content\/uploads\/2019\/05\/cesta-vstop-v-Loce_resize-533x261.jpg 533w, https:\/\/novice.si\/page\/wp-content\/uploads\/2019\/05\/cesta-vstop-v-Loce_resize-696x343.jpg 696w, https:\/\/novice.si\/page\/wp-content\/uploads\/2019\/05\/cesta-vstop-v-Loce_resize-24x12.jpg 24w, https:\/\/novice.si\/page\/wp-content\/uploads\/2019\/05\/cesta-vstop-v-Loce_resize-36x18.jpg 36w, https:\/\/novice.si\/page\/wp-content\/uploads\/2019\/05\/cesta-vstop-v-Loce_resize-48x24.jpg 48w, https:\/\/novice.si\/page\/wp-content\/uploads\/2019\/05\/cesta-vstop-v-Loce_resize.jpg 800w\" sizes=\"auto, (max-width: 300px) 100vw, 300px\" \/><\/a>Vstop v Lo\u010de iz smeri \u017di\u010d bo \u017ee to jesen varnej\u0161i. Ob\u010dina Slovenske Konjice in dr\u017eava bosta tam poskrbeli za umiritev prometa. Z deli bodo predvidoma za\u010deli v prvi polovici junija, kon\u010dali pa jeseni. V tem \u010dasu bodo zgradili sredinski otok, s katerim bodo cesto razmejili, podalj\u0161ali plo\u010dnik ter postavili razsvetljavo. Ob tem bodo uredili tudi 300 metrov regionalne ceste izven naselja, ki je \u0161e niso preplastili z novim asfaltom, priklju\u010dek lokalne ceste na regionalno cesto pa bodo nekoliko preuredili (zni\u017eali), da bo prevoznost predvsem za tovorna vozila malo la\u017eja. \u017dupan <strong>Darko Ratajc<\/strong> je gradbeno pogodbo z izbranim podjetjem Tegar d.o.o. iz \u017dalca \u017ee podpisal. Vrednost del bo skoraj 260 tiso\u010d evrov, od katerih jih bo 46 tiso\u010d iz svojega prora\u010duna dala konji\u0161ka Ob\u010dina, preostanek pa bo zagotovila Direkcija RS za infrastrukturo.<\/p>\n","protected":false},"excerpt":{"rendered":"<p>Vstop v Lo\u010de iz smeri \u017di\u010d bo \u017ee to jesen varnej\u0161i. Ob\u010dina Slovenske Konjice in dr\u017eava bosta tam poskrbeli za umiritev prometa. Z deli bodo predvidoma za\u010deli v prvi polovici junija, kon\u010dali pa jeseni. V tem \u010dasu bodo zgradili sredinski otok, s katerim bodo cesto razmejili, podalj\u0161ali plo\u010dnik ter postavili razsvetljavo. Ob tem bodo uredili [&hellip;]<\/p>\n","protected":false},"author":7,"featured_media":105934,"comment_status":"closed","ping_status":"closed","sticky":false,"template":"","format":"standard","meta":{"footnotes":""},"categories":[14,16],"tags":[],"class_list":{"0":"post-105933","1":"post","2":"type-post","3":"status-publish","4":"format-standard","5":"has-post-thumbnail","7":"category-aktualno","8":"category-konjisko"},"yoast_head":"<!-- This site is optimized with the Yoast SEO plugin v27.4 - https:\/\/yoast.com\/product\/yoast-seo-wordpress\/ -->\n<title>\u017de letos varnej\u0161i in po\u010dasnej\u0161i vstop v Lo\u010de - Novice.si<\/title>\n<meta name=\"robots\" content=\"index, follow, max-snippet:-1, max-image-preview:large, max-video-preview:-1\" \/>\n<link rel=\"canonical\" href=\"https:\/\/novice.si\/page\/ze-letos-varnejsi-in-pocasnejsi-vstop-v-loce\/\" \/>\n<meta property=\"og:locale\" content=\"sl_SI\" \/>\n<meta property=\"og:type\" content=\"article\" \/>\n<meta property=\"og:title\" content=\"\u017de letos varnej\u0161i in po\u010dasnej\u0161i vstop v Lo\u010de - Novice.si\" \/>\n<meta property=\"og:description\" content=\"Vstop v Lo\u010de iz smeri \u017di\u010d bo \u017ee to jesen varnej\u0161i. Ob\u010dina Slovenske Konjice in dr\u017eava bosta tam poskrbeli za umiritev prometa. Z deli bodo predvidoma za\u010deli v prvi polovici junija, kon\u010dali pa jeseni. V tem \u010dasu bodo zgradili sredinski otok, s katerim bodo cesto razmejili, podalj\u0161ali plo\u010dnik ter postavili razsvetljavo. Ob tem bodo uredili [&hellip;]\" \/>\n<meta property=\"og:url\" content=\"https:\/\/novice.si\/page\/ze-letos-varnejsi-in-pocasnejsi-vstop-v-loce\/\" \/>\n<meta property=\"og:site_name\" content=\"Novice.si\" \/>\n<meta property=\"article:published_time\" content=\"2019-05-29T06:04:56+00:00\" \/>\n<meta property=\"article:modified_time\" content=\"2019-05-29T06:05:42+00:00\" \/>\n<meta property=\"og:image\" content=\"https:\/\/novice.si\/page\/wp-content\/uploads\/2019\/05\/cesta-vstop-v-Loce_resize.jpg\" \/>\n\t<meta property=\"og:image:width\" content=\"800\" \/>\n\t<meta property=\"og:image:height\" content=\"394\" \/>\n\t<meta property=\"og:image:type\" content=\"image\/jpeg\" \/>\n<meta name=\"author\" content=\"Uredni\u0161tvo Novic\" \/>\n<meta name=\"twitter:card\" content=\"summary_large_image\" \/>\n<meta name=\"twitter:label1\" content=\"Written by\" \/>\n\t<meta name=\"twitter:data1\" content=\"Uredni\u0161tvo Novic\" \/>\n\t<meta name=\"twitter:label2\" content=\"Est. reading time\" \/>\n\t<meta name=\"twitter:data2\" content=\"1 minuta\" \/>\n<script type=\"application\/ld+json\" class=\"yoast-schema-graph\">{\"@context\":\"https:\\\/\\\/schema.org\",\"@graph\":[{\"@type\":\"Article\",\"@id\":\"https:\\\/\\\/novice.si\\\/page\\\/ze-letos-varnejsi-in-pocasnejsi-vstop-v-loce\\\/#article\",\"isPartOf\":{\"@id\":\"https:\\\/\\\/novice.si\\\/page\\\/ze-letos-varnejsi-in-pocasnejsi-vstop-v-loce\\\/\"},\"author\":{\"name\":\"Uredni\u0161tvo Novic\",\"@id\":\"https:\\\/\\\/novice.si\\\/page\\\/#\\\/schema\\\/person\\\/a877dbb8680d441357ce27663beb35ca\"},\"headline\":\"\u017de letos varnej\u0161i in po\u010dasnej\u0161i vstop v Lo\u010de\",\"datePublished\":\"2019-05-29T06:04:56+00:00\",\"dateModified\":\"2019-05-29T06:05:42+00:00\",\"mainEntityOfPage\":{\"@id\":\"https:\\\/\\\/novice.si\\\/page\\\/ze-letos-varnejsi-in-pocasnejsi-vstop-v-loce\\\/\"},\"wordCount\":157,\"publisher\":{\"@id\":\"https:\\\/\\\/novice.si\\\/page\\\/#organization\"},\"image\":{\"@id\":\"https:\\\/\\\/novice.si\\\/page\\\/ze-letos-varnejsi-in-pocasnejsi-vstop-v-loce\\\/#primaryimage\"},\"thumbnailUrl\":\"https:\\\/\\\/novice.si\\\/page\\\/wp-content\\\/uploads\\\/2019\\\/05\\\/cesta-vstop-v-Loce_resize.jpg\",\"articleSection\":[\"Aktualno\",\"Konji\u0161ko\"],\"inLanguage\":\"sl-SI\"},{\"@type\":\"WebPage\",\"@id\":\"https:\\\/\\\/novice.si\\\/page\\\/ze-letos-varnejsi-in-pocasnejsi-vstop-v-loce\\\/\",\"url\":\"https:\\\/\\\/novice.si\\\/page\\\/ze-letos-varnejsi-in-pocasnejsi-vstop-v-loce\\\/\",\"name\":\"\u017de letos varnej\u0161i in po\u010dasnej\u0161i vstop v Lo\u010de - Novice.si\",\"isPartOf\":{\"@id\":\"https:\\\/\\\/novice.si\\\/page\\\/#website\"},\"primaryImageOfPage\":{\"@id\":\"https:\\\/\\\/novice.si\\\/page\\\/ze-letos-varnejsi-in-pocasnejsi-vstop-v-loce\\\/#primaryimage\"},\"image\":{\"@id\":\"https:\\\/\\\/novice.si\\\/page\\\/ze-letos-varnejsi-in-pocasnejsi-vstop-v-loce\\\/#primaryimage\"},\"thumbnailUrl\":\"https:\\\/\\\/novice.si\\\/page\\\/wp-content\\\/uploads\\\/2019\\\/05\\\/cesta-vstop-v-Loce_resize.jpg\",\"datePublished\":\"2019-05-29T06:04:56+00:00\",\"dateModified\":\"2019-05-29T06:05:42+00:00\",\"breadcrumb\":{\"@id\":\"https:\\\/\\\/novice.si\\\/page\\\/ze-letos-varnejsi-in-pocasnejsi-vstop-v-loce\\\/#breadcrumb\"},\"inLanguage\":\"sl-SI\",\"potentialAction\":[{\"@type\":\"ReadAction\",\"target\":[\"https:\\\/\\\/novice.si\\\/page\\\/ze-letos-varnejsi-in-pocasnejsi-vstop-v-loce\\\/\"]}]},{\"@type\":\"ImageObject\",\"inLanguage\":\"sl-SI\",\"@id\":\"https:\\\/\\\/novice.si\\\/page\\\/ze-letos-varnejsi-in-pocasnejsi-vstop-v-loce\\\/#primaryimage\",\"url\":\"https:\\\/\\\/novice.si\\\/page\\\/wp-content\\\/uploads\\\/2019\\\/05\\\/cesta-vstop-v-Loce_resize.jpg\",\"contentUrl\":\"https:\\\/\\\/novice.si\\\/page\\\/wp-content\\\/uploads\\\/2019\\\/05\\\/cesta-vstop-v-Loce_resize.jpg\",\"width\":800,\"height\":394,\"caption\":\"dav\"},{\"@type\":\"BreadcrumbList\",\"@id\":\"https:\\\/\\\/novice.si\\\/page\\\/ze-letos-varnejsi-in-pocasnejsi-vstop-v-loce\\\/#breadcrumb\",\"itemListElement\":[{\"@type\":\"ListItem\",\"position\":1,\"name\":\"Home\",\"item\":\"https:\\\/\\\/novice.si\\\/page\\\/\"},{\"@type\":\"ListItem\",\"position\":2,\"name\":\"\u017de letos varnej\u0161i in po\u010dasnej\u0161i vstop v Lo\u010de\"}]},{\"@type\":\"WebSite\",\"@id\":\"https:\\\/\\\/novice.si\\\/page\\\/#website\",\"url\":\"https:\\\/\\\/novice.si\\\/page\\\/\",\"name\":\"Novice.si\",\"description\":\"\",\"publisher\":{\"@id\":\"https:\\\/\\\/novice.si\\\/page\\\/#organization\"},\"potentialAction\":[{\"@type\":\"SearchAction\",\"target\":{\"@type\":\"EntryPoint\",\"urlTemplate\":\"https:\\\/\\\/novice.si\\\/page\\\/?s={search_term_string}\"},\"query-input\":{\"@type\":\"PropertyValueSpecification\",\"valueRequired\":true,\"valueName\":\"search_term_string\"}}],\"inLanguage\":\"sl-SI\"},{\"@type\":\"Organization\",\"@id\":\"https:\\\/\\\/novice.si\\\/page\\\/#organization\",\"name\":\"Novice.si\",\"url\":\"https:\\\/\\\/novice.si\\\/page\\\/\",\"logo\":{\"@type\":\"ImageObject\",\"inLanguage\":\"sl-SI\",\"@id\":\"https:\\\/\\\/novice.si\\\/page\\\/#\\\/schema\\\/logo\\\/image\\\/\",\"url\":\"https:\\\/\\\/novice.si\\\/page\\\/wp-content\\\/uploads\\\/2023\\\/03\\\/novice_si.png\",\"contentUrl\":\"https:\\\/\\\/novice.si\\\/page\\\/wp-content\\\/uploads\\\/2023\\\/03\\\/novice_si.png\",\"width\":576,\"height\":200,\"caption\":\"Novice.si\"},\"image\":{\"@id\":\"https:\\\/\\\/novice.si\\\/page\\\/#\\\/schema\\\/logo\\\/image\\\/\"}},{\"@type\":\"Person\",\"@id\":\"https:\\\/\\\/novice.si\\\/page\\\/#\\\/schema\\\/person\\\/a877dbb8680d441357ce27663beb35ca\",\"name\":\"Uredni\u0161tvo Novic\",\"image\":{\"@type\":\"ImageObject\",\"inLanguage\":\"sl-SI\",\"@id\":\"https:\\\/\\\/secure.gravatar.com\\\/avatar\\\/f19c0ae874706cc9ba19d2f6da5f74a5a5ee7674f283fed29ce0ad16a9f1893e?s=96&d=mm&r=g\",\"url\":\"https:\\\/\\\/secure.gravatar.com\\\/avatar\\\/f19c0ae874706cc9ba19d2f6da5f74a5a5ee7674f283fed29ce0ad16a9f1893e?s=96&d=mm&r=g\",\"contentUrl\":\"https:\\\/\\\/secure.gravatar.com\\\/avatar\\\/f19c0ae874706cc9ba19d2f6da5f74a5a5ee7674f283fed29ce0ad16a9f1893e?s=96&d=mm&r=g\",\"caption\":\"Uredni\u0161tvo Novic\"},\"url\":\"https:\\\/\\\/novice.si\\\/page\\\/author\\\/jure\\\/\"}]}<\/script>\n<!-- \/ Yoast SEO plugin. -->","yoast_head_json":{"title":"\u017de letos varnej\u0161i in po\u010dasnej\u0161i vstop v Lo\u010de - Novice.si","robots":{"index":"index","follow":"follow","max-snippet":"max-snippet:-1","max-image-preview":"max-image-preview:large","max-video-preview":"max-video-preview:-1"},"canonical":"https:\/\/novice.si\/page\/ze-letos-varnejsi-in-pocasnejsi-vstop-v-loce\/","og_locale":"sl_SI","og_type":"article","og_title":"\u017de letos varnej\u0161i in po\u010dasnej\u0161i vstop v Lo\u010de - Novice.si","og_description":"Vstop v Lo\u010de iz smeri \u017di\u010d bo \u017ee to jesen varnej\u0161i. Ob\u010dina Slovenske Konjice in dr\u017eava bosta tam poskrbeli za umiritev prometa. Z deli bodo predvidoma za\u010deli v prvi polovici junija, kon\u010dali pa jeseni. V tem \u010dasu bodo zgradili sredinski otok, s katerim bodo cesto razmejili, podalj\u0161ali plo\u010dnik ter postavili razsvetljavo. Ob tem bodo uredili [&hellip;]","og_url":"https:\/\/novice.si\/page\/ze-letos-varnejsi-in-pocasnejsi-vstop-v-loce\/","og_site_name":"Novice.si","article_published_time":"2019-05-29T06:04:56+00:00","article_modified_time":"2019-05-29T06:05:42+00:00","og_image":[{"width":800,"height":394,"url":"https:\/\/novice.si\/page\/wp-content\/uploads\/2019\/05\/cesta-vstop-v-Loce_resize.jpg","type":"image\/jpeg"}],"author":"Uredni\u0161tvo Novic","twitter_card":"summary_large_image","twitter_misc":{"Written by":"Uredni\u0161tvo Novic","Est. reading time":"1 minuta"},"schema":{"@context":"https:\/\/schema.org","@graph":[{"@type":"Article","@id":"https:\/\/novice.si\/page\/ze-letos-varnejsi-in-pocasnejsi-vstop-v-loce\/#article","isPartOf":{"@id":"https:\/\/novice.si\/page\/ze-letos-varnejsi-in-pocasnejsi-vstop-v-loce\/"},"author":{"name":"Uredni\u0161tvo Novic","@id":"https:\/\/novice.si\/page\/#\/schema\/person\/a877dbb8680d441357ce27663beb35ca"},"headline":"\u017de letos varnej\u0161i in po\u010dasnej\u0161i vstop v Lo\u010de","datePublished":"2019-05-29T06:04:56+00:00","dateModified":"2019-05-29T06:05:42+00:00","mainEntityOfPage":{"@id":"https:\/\/novice.si\/page\/ze-letos-varnejsi-in-pocasnejsi-vstop-v-loce\/"},"wordCount":157,"publisher":{"@id":"https:\/\/novice.si\/page\/#organization"},"image":{"@id":"https:\/\/novice.si\/page\/ze-letos-varnejsi-in-pocasnejsi-vstop-v-loce\/#primaryimage"},"thumbnailUrl":"https:\/\/novice.si\/page\/wp-content\/uploads\/2019\/05\/cesta-vstop-v-Loce_resize.jpg","articleSection":["Aktualno","Konji\u0161ko"],"inLanguage":"sl-SI"},{"@type":"WebPage","@id":"https:\/\/novice.si\/page\/ze-letos-varnejsi-in-pocasnejsi-vstop-v-loce\/","url":"https:\/\/novice.si\/page\/ze-letos-varnejsi-in-pocasnejsi-vstop-v-loce\/","name":"\u017de letos varnej\u0161i in po\u010dasnej\u0161i vstop v Lo\u010de - Novice.si","isPartOf":{"@id":"https:\/\/novice.si\/page\/#website"},"primaryImageOfPage":{"@id":"https:\/\/novice.si\/page\/ze-letos-varnejsi-in-pocasnejsi-vstop-v-loce\/#primaryimage"},"image":{"@id":"https:\/\/novice.si\/page\/ze-letos-varnejsi-in-pocasnejsi-vstop-v-loce\/#primaryimage"},"thumbnailUrl":"https:\/\/novice.si\/page\/wp-content\/uploads\/2019\/05\/cesta-vstop-v-Loce_resize.jpg","datePublished":"2019-05-29T06:04:56+00:00","dateModified":"2019-05-29T06:05:42+00:00","breadcrumb":{"@id":"https:\/\/novice.si\/page\/ze-letos-varnejsi-in-pocasnejsi-vstop-v-loce\/#breadcrumb"},"inLanguage":"sl-SI","potentialAction":[{"@type":"ReadAction","target":["https:\/\/novice.si\/page\/ze-letos-varnejsi-in-pocasnejsi-vstop-v-loce\/"]}]},{"@type":"ImageObject","inLanguage":"sl-SI","@id":"https:\/\/novice.si\/page\/ze-letos-varnejsi-in-pocasnejsi-vstop-v-loce\/#primaryimage","url":"https:\/\/novice.si\/page\/wp-content\/uploads\/2019\/05\/cesta-vstop-v-Loce_resize.jpg","contentUrl":"https:\/\/novice.si\/page\/wp-content\/uploads\/2019\/05\/cesta-vstop-v-Loce_resize.jpg","width":800,"height":394,"caption":"dav"},{"@type":"BreadcrumbList","@id":"https:\/\/novice.si\/page\/ze-letos-varnejsi-in-pocasnejsi-vstop-v-loce\/#breadcrumb","itemListElement":[{"@type":"ListItem","position":1,"name":"Home","item":"https:\/\/novice.si\/page\/"},{"@type":"ListItem","position":2,"name":"\u017de letos varnej\u0161i in po\u010dasnej\u0161i vstop v Lo\u010de"}]},{"@type":"WebSite","@id":"https:\/\/novice.si\/page\/#website","url":"https:\/\/novice.si\/page\/","name":"Novice.si","description":"","publisher":{"@id":"https:\/\/novice.si\/page\/#organization"},"potentialAction":[{"@type":"SearchAction","target":{"@type":"EntryPoint","urlTemplate":"https:\/\/novice.si\/page\/?s={search_term_string}"},"query-input":{"@type":"PropertyValueSpecification","valueRequired":true,"valueName":"search_term_string"}}],"inLanguage":"sl-SI"},{"@type":"Organization","@id":"https:\/\/novice.si\/page\/#organization","name":"Novice.si","url":"https:\/\/novice.si\/page\/","logo":{"@type":"ImageObject","inLanguage":"sl-SI","@id":"https:\/\/novice.si\/page\/#\/schema\/logo\/image\/","url":"https:\/\/novice.si\/page\/wp-content\/uploads\/2023\/03\/novice_si.png","contentUrl":"https:\/\/novice.si\/page\/wp-content\/uploads\/2023\/03\/novice_si.png","width":576,"height":200,"caption":"Novice.si"},"image":{"@id":"https:\/\/novice.si\/page\/#\/schema\/logo\/image\/"}},{"@type":"Person","@id":"https:\/\/novice.si\/page\/#\/schema\/person\/a877dbb8680d441357ce27663beb35ca","name":"Uredni\u0161tvo Novic","image":{"@type":"ImageObject","inLanguage":"sl-SI","@id":"https:\/\/secure.gravatar.com\/avatar\/f19c0ae874706cc9ba19d2f6da5f74a5a5ee7674f283fed29ce0ad16a9f1893e?s=96&d=mm&r=g","url":"https:\/\/secure.gravatar.com\/avatar\/f19c0ae874706cc9ba19d2f6da5f74a5a5ee7674f283fed29ce0ad16a9f1893e?s=96&d=mm&r=g","contentUrl":"https:\/\/secure.gravatar.com\/avatar\/f19c0ae874706cc9ba19d2f6da5f74a5a5ee7674f283fed29ce0ad16a9f1893e?s=96&d=mm&r=g","caption":"Uredni\u0161tvo Novic"},"url":"https:\/\/novice.si\/page\/author\/jure\/"}]}},"_links":{"self":[{"href":"https:\/\/novice.si\/page\/wp-json\/wp\/v2\/posts\/105933","targetHints":{"allow":["GET"]}}],"collection":[{"href":"https:\/\/novice.si\/page\/wp-json\/wp\/v2\/posts"}],"about":[{"href":"https:\/\/novice.si\/page\/wp-json\/wp\/v2\/types\/post"}],"author":[{"embeddable":true,"href":"https:\/\/novice.si\/page\/wp-json\/wp\/v2\/users\/7"}],"replies":[{"embeddable":true,"href":"https:\/\/novice.si\/page\/wp-json\/wp\/v2\/comments?post=105933"}],"version-history":[{"count":0,"href":"https:\/\/novice.si\/page\/wp-json\/wp\/v2\/posts\/105933\/revisions"}],"wp:featuredmedia":[{"embeddable":true,"href":"https:\/\/novice.si\/page\/wp-json\/wp\/v2\/media\/105934"}],"wp:attachment":[{"href":"https:\/\/novice.si\/page\/wp-json\/wp\/v2\/media?parent=105933"}],"wp:term":[{"taxonomy":"category","embeddable":true,"href":"https:\/\/novice.si\/page\/wp-json\/wp\/v2\/categories?post=105933"},{"taxonomy":"post_tag","embeddable":true,"href":"https:\/\/novice.si\/page\/wp-json\/wp\/v2\/tags?post=105933"}],"curies":[{"name":"wp","href":"https:\/\/api.w.org\/{rel}","templated":true}]}}